{"id":41928,"date":"2025-08-30T10:35:51","date_gmt":"2025-08-30T13:35:51","guid":{"rendered":"https:\/\/radiostudiow.com.br\/site\/?p=41928"},"modified":"2025-08-30T10:35:52","modified_gmt":"2025-08-30T13:35:52","slug":"homem-e-condenado-a-13-anos-de-prisao-pela-morte-de-joao-paulo-strona-em-sao-mateus-do-sul","status":"publish","type":"post","link":"https:\/\/radiostudiow.com.br\/site\/2025\/08\/30\/homem-e-condenado-a-13-anos-de-prisao-pela-morte-de-joao-paulo-strona-em-sao-mateus-do-sul\/","title":{"rendered":"Homem \u00e9 condenado a 13 anos de pris\u00e3o pela morte de Jo\u00e3o Paulo Strona em S\u00e3o Mateus do Sul"},"content":{"rendered":"\n<p>O Tribunal do J\u00fari da Comarca de S\u00e3o Mateus do Sul condenou, nesta quinta-feira (28),\u00a0Airton Bueno da Luz\u00a0pelos crimes de homic\u00eddio qualificado por motivo f\u00fatil e posse ilegal de arma de fogo.<\/p>\n\n\n\n<p>A pena total somou\u00a013 anos de pris\u00e3o, sendo\u00a012 anos de reclus\u00e3o pelo homic\u00eddio\u00a0e\u00a01 ano de deten\u00e7\u00e3o pela posse de arma, al\u00e9m do pagamento de multa.<\/p>\n\n\n\n<figure class=\"wp-block-image size-full\"><img loading=\"lazy\" decoding=\"async\" width=\"897\" height=\"204\" src=\"https:\/\/radiostudiow.com.br\/site\/wp-content\/uploads\/2025\/06\/BARROS.png\" alt=\"\" class=\"wp-image-39575\" srcset=\"https:\/\/radiostudiow.com.br\/site\/wp-content\/uploads\/2025\/06\/BARROS.png 897w, https:\/\/radiostudiow.com.br\/site\/wp-content\/uploads\/2025\/06\/BARROS-300x68.png 300w, https:\/\/radiostudiow.com.br\/site\/wp-content\/uploads\/2025\/06\/BARROS-768x175.png 768w\" sizes=\"auto, (max-width: 897px) 100vw, 897px\" \/><\/figure>\n\n\n\n<p>O crime ocorreu em\u00a021 de abril de 2022, em\u00a0Faxinal dos Elias, \u00e1rea rural de S\u00e3o Mateus do Sul, pr\u00f3ximo \u00e0 ponte do rio Potinga, na divisa com o munic\u00edpio de Rio Azul.<\/p>\n\n\n\n<p>Na ocasi\u00e3o,\u00a0Jo\u00e3o Paulo Strona, um jovem de 21 anos foi morto com um tiro no peito.<\/p>\n\n\n\n<p>Durante o julgamento, o j\u00fari popular reconheceu a autoria e a materialidade do crime, confirmando a qualificadora de\u00a0motivo f\u00fatil\u00a0para o homic\u00eddio e rejeitando a tese de absolvi\u00e7\u00e3o.<\/p>\n\n\n\n<figure class=\"wp-block-image\"><img decoding=\"async\" src=\"https:\/\/portalrdx.com.br\/wp-content\/uploads\/2025\/08\/image-24.png\" alt=\"\" class=\"wp-image-107362\"\/><figcaption class=\"wp-element-caption\">Reprodu\u00e7\u00e3o<\/figcaption><\/figure>\n\n\n\n<p>A defesa de Airton alegou que a posse da arma de fogo deveria ser absorvida pelo homic\u00eddio, tese conhecida como\u00a0princ\u00edpio da consun\u00e7\u00e3o. Contudo, a argumenta\u00e7\u00e3o n\u00e3o foi aceita, pois ficou comprovado que o r\u00e9u mantinha a arma em sua posse h\u00e1 cerca de oito anos, o que caracterizou o crime de forma aut\u00f4noma. O acusado pelo crime, atuava como caseiro da propriedade, e a v\u00edtima, trabalhava no local para o fazendeiro. A v\u00edtima teria entrado em um galp\u00e3o da propriedade, sendo morto pelo caseiro por motivo f\u00fatil.<\/p>\n\n\n\n<p>Segundo as investiga\u00e7\u00f5es, Airton teria matado Jo\u00e3o Paulo por ele ter entrado no galp\u00e3o das m\u00e1quinas ap\u00f3s as 22h, violando uma suposta regra de que ningu\u00e9m poderia adentrar no galp\u00e3o ap\u00f3s esse hor\u00e1rio.<\/p>\n\n\n\n<figure class=\"wp-block-image size-full\"><img loading=\"lazy\" decoding=\"async\" width=\"897\" height=\"204\" src=\"https:\/\/radiostudiow.com.br\/site\/wp-content\/uploads\/2025\/01\/SITE-GRANDE3.png\" alt=\"\" class=\"wp-image-32900\" srcset=\"https:\/\/radiostudiow.com.br\/site\/wp-content\/uploads\/2025\/01\/SITE-GRANDE3.png 897w, https:\/\/radiostudiow.com.br\/site\/wp-content\/uploads\/2025\/01\/SITE-GRANDE3-300x68.png 300w, https:\/\/radiostudiow.com.br\/site\/wp-content\/uploads\/2025\/01\/SITE-GRANDE3-768x175.png 768w\" sizes=\"auto, (max-width: 897px) 100vw, 897px\" \/><\/figure>\n\n\n\n<p>A senten\u00e7a, proferida pelo juiz Ricardo Piovesan, tamb\u00e9m reconheceu a atenuante da confiss\u00e3o do r\u00e9u. No entanto, conforme a\u00a0S\u00famula 231 do Superior Tribunal de Justi\u00e7a, a pena n\u00e3o p\u00f4de ser reduzida abaixo do m\u00ednimo legal.<\/p>\n\n\n\n<p>Preso desde\u00a022 de abril de 2022, Airton Bueno da Luz continuar\u00e1 em\u00a0regime fechado, com o tempo j\u00e1 cumprido sendo descontado da condena\u00e7\u00e3o. A decis\u00e3o ainda determinou que as armas e muni\u00e7\u00f5es apreendidas sejam encaminhadas ao Ex\u00e9rcito para destrui\u00e7\u00e3o. O promotor do j\u00fari foi Dr. Paulo C\u00e9sar Pinhata Iemma.<\/p>\n","protected":false},"excerpt":{"rendered":"<p>O Tribunal do J\u00fari da Comarca de S\u00e3o Mateus do Sul condenou, nesta quinta-feira (28),\u00a0Airton Bueno da Luz\u00a0pelos crimes de homic\u00eddio qualificado por motivo f\u00fatil e posse ilegal de arma de fogo. A pena total somou\u00a013 anos de pris\u00e3o, sendo\u00a012 anos de reclus\u00e3o pelo homic\u00eddio\u00a0e\u00a01 ano de deten\u00e7\u00e3o pela posse de arma, al\u00e9m do pagamento [&hellip;]<\/p>\n","protected":false},"author":2,"featured_media":41929,"comment_status":"open","ping_status":"open","sticky":false,"template":"","format":"standard","meta":{"footnotes":""},"categories":[2],"tags":[172],"class_list":["post-41928","post","type-post","status-publish","format-standard","has-post-thumbnail","hentry","category-policial","tag-featured"],"amp_enabled":true,"_links":{"self":[{"href":"https:\/\/radiostudiow.com.br\/site\/wp-json\/wp\/v2\/posts\/41928","targetHints":{"allow":["GET"]}}],"collection":[{"href":"https:\/\/radiostudiow.com.br\/site\/wp-json\/wp\/v2\/posts"}],"about":[{"href":"https:\/\/radiostudiow.com.br\/site\/wp-json\/wp\/v2\/types\/post"}],"author":[{"embeddable":true,"href":"https:\/\/radiostudiow.com.br\/site\/wp-json\/wp\/v2\/users\/2"}],"replies":[{"embeddable":true,"href":"https:\/\/radiostudiow.com.br\/site\/wp-json\/wp\/v2\/comments?post=41928"}],"version-history":[{"count":1,"href":"https:\/\/radiostudiow.com.br\/site\/wp-json\/wp\/v2\/posts\/41928\/revisions"}],"predecessor-version":[{"id":41930,"href":"https:\/\/radiostudiow.com.br\/site\/wp-json\/wp\/v2\/posts\/41928\/revisions\/41930"}],"wp:featuredmedia":[{"embeddable":true,"href":"https:\/\/radiostudiow.com.br\/site\/wp-json\/wp\/v2\/media\/41929"}],"wp:attachment":[{"href":"https:\/\/radiostudiow.com.br\/site\/wp-json\/wp\/v2\/media?parent=41928"}],"wp:term":[{"taxonomy":"category","embeddable":true,"href":"https:\/\/radiostudiow.com.br\/site\/wp-json\/wp\/v2\/categories?post=41928"},{"taxonomy":"post_tag","embeddable":true,"href":"https:\/\/radiostudiow.com.br\/site\/wp-json\/wp\/v2\/tags?post=41928"}],"curies":[{"name":"wp","href":"https:\/\/api.w.org\/{rel}","templated":true}]}}