{"id":41955,"date":"2025-08-30T11:32:55","date_gmt":"2025-08-30T14:32:55","guid":{"rendered":"https:\/\/radiostudiow.com.br\/site\/?p=41955"},"modified":"2025-08-30T12:08:49","modified_gmt":"2025-08-30T15:08:49","slug":"pcpr-e-pmpr-prendem-mulher-em-flagrante-por-causar-poluicao-em-area-de-preservacao-permanente-em-imbituva","status":"publish","type":"post","link":"https:\/\/radiostudiow.com.br\/site\/2025\/08\/30\/pcpr-e-pmpr-prendem-mulher-em-flagrante-por-causar-poluicao-em-area-de-preservacao-permanente-em-imbituva\/","title":{"rendered":"PCPR e PMPR prendem mulher em flagrante por causar polui\u00e7\u00e3o em \u00e1rea de preserva\u00e7\u00e3o permanente em Imbituva"},"content":{"rendered":"\n<p>Em vistoria na propriedade foram observados ind\u00edcios de dois crimes ambientais, sendo o primeiro em um tanque de decanta\u00e7\u00e3o proveniente da atividade de bovinocultura e tamb\u00e9m constatado dano em \u00e1rea de preserva\u00e7\u00e3o permanente mediante ao pisoteio do gado em \u00e1rea de c\u00f3rrego e nascente.<\/p>\n\n\n\n<p>A Policia do Estado do Paran\u00e1 por interm\u00e9dio da Delegacia de Imbituva, com apoio da Pol\u00edcia Militar atrav\u00e9s do Batalh\u00e3o de Pol\u00edcia Ambiental prenderam na tarde de ontem 28\/08\/2025 uma mulher de 38 anos em flagrante ap\u00f3s uma denuncia de crime ambiental em uma propriedade rural do munic\u00edpio.<\/p>\n\n\n\n<figure class=\"wp-block-gallery has-nested-images columns-default is-cropped wp-block-gallery-1 is-layout-flex wp-block-gallery-is-layout-flex\">\n<figure class=\"wp-block-image size-large\"><img loading=\"lazy\" decoding=\"async\" width=\"300\" height=\"180\" data-id=\"37227\" src=\"https:\/\/radiostudiow.com.br\/site\/wp-content\/uploads\/2025\/04\/DAIANE.png\" alt=\"\" class=\"wp-image-37227\"\/><\/figure>\n\n\n\n<figure class=\"wp-block-image size-large\"><img loading=\"lazy\" decoding=\"async\" width=\"300\" height=\"180\" data-id=\"32894\" src=\"https:\/\/radiostudiow.com.br\/site\/wp-content\/uploads\/2025\/01\/SITE-PEQUENO2.png\" alt=\"\" class=\"wp-image-32894\"\/><\/figure>\n<\/figure>\n\n\n\n<p>A mesma foi conduzida at\u00e9 a delegacia onde foram feitos os procedimentos na esfera criminal e entregue uma notifica\u00e7\u00e3o ambiental para que sejam tomadas as medidas administrativas em rela\u00e7\u00e3o \u00e0s infra\u00e7\u00f5es ambientais.<\/p>\n\n\n\n<p>A Autoridade Policial arbitrou fian\u00e7a no valor de R$ 7.500,00 a qual foi paga e a autuada liberada para responder \u00e0 futura a\u00e7\u00e3o penal em liberdade.<\/p>\n\n\n\n<p>O Delegado de Imbituva, Mikail Moss Horodecki, esclarece que foram coletadas na segunda-feira (dia 25\/08) amostras das \u00e1guas do arroio atingido pela polui\u00e7\u00e3o que supostamente ocasionou mortandade de peixes nas propriedades vizinhas e que o arroio e nascentes atingidos fazem parte da bacia hidrogr\u00e1fica de abastecimento do munic\u00edpio de Imbituva, fato que evidencia a reprovabilidade da conduta podendo ensejar futura interdi\u00e7\u00e3o da atividade desenvolvida no local caso persistam as irregularidades.<\/p>\n\n\n\n<figure class=\"wp-block-gallery has-nested-images columns-default is-cropped wp-block-gallery-2 is-layout-flex wp-block-gallery-is-layout-flex\">\n<figure class=\"wp-block-image size-large\"><img loading=\"lazy\" decoding=\"async\" width=\"300\" height=\"180\" data-id=\"40603\" src=\"https:\/\/radiostudiow.com.br\/site\/wp-content\/uploads\/2025\/07\/nacionalgas.png\" alt=\"\" class=\"wp-image-40603\"\/><\/figure>\n\n\n\n<figure class=\"wp-block-image size-large\"><img loading=\"lazy\" decoding=\"async\" width=\"300\" height=\"180\" data-id=\"41962\" src=\"https:\/\/radiostudiow.com.br\/site\/wp-content\/uploads\/2025\/08\/LILO.png\" alt=\"\" class=\"wp-image-41962\"\/><\/figure>\n<\/figure>\n\n\n\n<p>DENUNCIAS \u2013 A PCPR solicita a colabora\u00e7\u00e3o da popula\u00e7\u00e3o com informa\u00e7\u00f5es que auxiliem nas investiga\u00e7\u00f5es e localiza\u00e7\u00e3o de foragidos da justi\u00e7a. As denuncias podem ser feitas de forma an\u00f4nima, pelo n\u00fameros 197 da PCPR, 181 do Disque-Den\u00fancia, ou pelo WhatsApp (42) 3436-1177 diretamente \u00e0 equipe de investiga\u00e7\u00e3o.<\/p>\n\n\n\n<p class=\"has-text-align-center\"><em>Informa\u00e7\u00f5es Delegacia de Policia Civil de Imbituva-PR \/ Imagem Divulga\u00e7\u00e3o\/Rep\u00f3rter Kiko de Oliveira<\/em><\/p>\n","protected":false},"excerpt":{"rendered":"<p>Em vistoria na propriedade foram observados ind\u00edcios de dois crimes ambientais, sendo o primeiro em um tanque de decanta\u00e7\u00e3o proveniente da atividade de bovinocultura e tamb\u00e9m constatado dano em \u00e1rea de preserva\u00e7\u00e3o permanente mediante ao pisoteio do gado em \u00e1rea de c\u00f3rrego e nascente. A Policia do Estado do Paran\u00e1 por interm\u00e9dio da Delegacia de [&hellip;]<\/p>\n","protected":false},"author":2,"featured_media":41958,"comment_status":"open","ping_status":"open","sticky":false,"template":"","format":"standard","meta":{"footnotes":""},"categories":[2],"tags":[172],"class_list":["post-41955","post","type-post","status-publish","format-standard","has-post-thumbnail","hentry","category-policial","tag-featured"],"amp_enabled":true,"_links":{"self":[{"href":"https:\/\/radiostudiow.com.br\/site\/wp-json\/wp\/v2\/posts\/41955","targetHints":{"allow":["GET"]}}],"collection":[{"href":"https:\/\/radiostudiow.com.br\/site\/wp-json\/wp\/v2\/posts"}],"about":[{"href":"https:\/\/radiostudiow.com.br\/site\/wp-json\/wp\/v2\/types\/post"}],"author":[{"embeddable":true,"href":"https:\/\/radiostudiow.com.br\/site\/wp-json\/wp\/v2\/users\/2"}],"replies":[{"embeddable":true,"href":"https:\/\/radiostudiow.com.br\/site\/wp-json\/wp\/v2\/comments?post=41955"}],"version-history":[{"count":2,"href":"https:\/\/radiostudiow.com.br\/site\/wp-json\/wp\/v2\/posts\/41955\/revisions"}],"predecessor-version":[{"id":41963,"href":"https:\/\/radiostudiow.com.br\/site\/wp-json\/wp\/v2\/posts\/41955\/revisions\/41963"}],"wp:featuredmedia":[{"embeddable":true,"href":"https:\/\/radiostudiow.com.br\/site\/wp-json\/wp\/v2\/media\/41958"}],"wp:attachment":[{"href":"https:\/\/radiostudiow.com.br\/site\/wp-json\/wp\/v2\/media?parent=41955"}],"wp:term":[{"taxonomy":"category","embeddable":true,"href":"https:\/\/radiostudiow.com.br\/site\/wp-json\/wp\/v2\/categories?post=41955"},{"taxonomy":"post_tag","embeddable":true,"href":"https:\/\/radiostudiow.com.br\/site\/wp-json\/wp\/v2\/tags?post=41955"}],"curies":[{"name":"wp","href":"https:\/\/api.w.org\/{rel}","templated":true}]}}