{"id":41973,"date":"2025-09-01T09:55:35","date_gmt":"2025-09-01T12:55:35","guid":{"rendered":"https:\/\/radiostudiow.com.br\/site\/?p=41973"},"modified":"2025-09-01T09:55:35","modified_gmt":"2025-09-01T12:55:35","slug":"corpo-de-mulher-desaparecida-e-encontrado-no-rio-iguacu","status":"publish","type":"post","link":"https:\/\/radiostudiow.com.br\/site\/2025\/09\/01\/corpo-de-mulher-desaparecida-e-encontrado-no-rio-iguacu\/","title":{"rendered":"Corpo de mulher desaparecida \u00e9 encontrado no Rio Igua\u00e7u"},"content":{"rendered":"\n<p>A equipe do Corpo de Bombeiros de Uni\u00e3o da Vit\u00f3ria realizaram buscas intensas em dois dias, e na tarde deste domingo, 31 de agosto, encontrou o corpo de uma mulher, identificada como\u00a0Rejane Lopes de 44 anos, que estava desaparecida no Rio Igua\u00e7u.<\/p>\n\n\n\n<p>Segundo informa\u00e7\u00f5es de testemunhas, a mulher teria saltado da Ponte Jos\u00e9 Richa, no centro da cidade, na noite de sexta-feira (29).<\/p>\n\n\n\n<figure class=\"wp-block-image size-full\"><img loading=\"lazy\" decoding=\"async\" width=\"897\" height=\"207\" src=\"https:\/\/radiostudiow.com.br\/site\/wp-content\/uploads\/2025\/07\/TIJOLAO.png\" alt=\"\" class=\"wp-image-40184\" srcset=\"https:\/\/radiostudiow.com.br\/site\/wp-content\/uploads\/2025\/07\/TIJOLAO.png 897w, https:\/\/radiostudiow.com.br\/site\/wp-content\/uploads\/2025\/07\/TIJOLAO-300x69.png 300w, https:\/\/radiostudiow.com.br\/site\/wp-content\/uploads\/2025\/07\/TIJOLAO-768x177.png 768w\" sizes=\"auto, (max-width: 897px) 100vw, 897px\" \/><\/figure>\n\n\n\n<p>As equipes de resgate iniciaram as buscas imediatamente, mas a opera\u00e7\u00e3o precisou ser interrompida devido \u00e0 pouca visibilidade e \u00e0s condi\u00e7\u00f5es adversas.<\/p>\n\n\n\n<p>As buscas foram retomadas no s\u00e1bado (30) e conclu\u00eddas no domingo (31) com a localiza\u00e7\u00e3o do corpo de Rejeane. A cerim\u00f4nia de despedida ser\u00e1 nesta segunda-feira (01\u00b0 de setembro).<\/p>\n\n\n\n<figure class=\"wp-block-image size-full\"><img decoding=\"async\" src=\"https:\/\/radiostudiow.com.br\/site\/wp-content\/uploads\/2025\/09\/image.png\" alt=\"\" class=\"wp-image-41974\"\/><\/figure>\n","protected":false},"excerpt":{"rendered":"<p>A equipe do Corpo de Bombeiros de Uni\u00e3o da Vit\u00f3ria realizaram buscas intensas em dois dias, e na tarde deste domingo, 31 de agosto, encontrou o corpo de uma mulher, identificada como\u00a0Rejane Lopes de 44 anos, que estava desaparecida no Rio Igua\u00e7u. Segundo informa\u00e7\u00f5es de testemunhas, a mulher teria saltado da Ponte Jos\u00e9 Richa, no [&hellip;]<\/p>\n","protected":false},"author":2,"featured_media":41975,"comment_status":"open","ping_status":"open","sticky":false,"template":"","format":"standard","meta":{"footnotes":""},"categories":[185],"tags":[172],"class_list":["post-41973","post","type-post","status-publish","format-standard","has-post-thumbnail","hentry","category-regional","tag-featured"],"amp_enabled":true,"_links":{"self":[{"href":"https:\/\/radiostudiow.com.br\/site\/wp-json\/wp\/v2\/posts\/41973","targetHints":{"allow":["GET"]}}],"collection":[{"href":"https:\/\/radiostudiow.com.br\/site\/wp-json\/wp\/v2\/posts"}],"about":[{"href":"https:\/\/radiostudiow.com.br\/site\/wp-json\/wp\/v2\/types\/post"}],"author":[{"embeddable":true,"href":"https:\/\/radiostudiow.com.br\/site\/wp-json\/wp\/v2\/users\/2"}],"replies":[{"embeddable":true,"href":"https:\/\/radiostudiow.com.br\/site\/wp-json\/wp\/v2\/comments?post=41973"}],"version-history":[{"count":1,"href":"https:\/\/radiostudiow.com.br\/site\/wp-json\/wp\/v2\/posts\/41973\/revisions"}],"predecessor-version":[{"id":41976,"href":"https:\/\/radiostudiow.com.br\/site\/wp-json\/wp\/v2\/posts\/41973\/revisions\/41976"}],"wp:featuredmedia":[{"embeddable":true,"href":"https:\/\/radiostudiow.com.br\/site\/wp-json\/wp\/v2\/media\/41975"}],"wp:attachment":[{"href":"https:\/\/radiostudiow.com.br\/site\/wp-json\/wp\/v2\/media?parent=41973"}],"wp:term":[{"taxonomy":"category","embeddable":true,"href":"https:\/\/radiostudiow.com.br\/site\/wp-json\/wp\/v2\/categories?post=41973"},{"taxonomy":"post_tag","embeddable":true,"href":"https:\/\/radiostudiow.com.br\/site\/wp-json\/wp\/v2\/tags?post=41973"}],"curies":[{"name":"wp","href":"https:\/\/api.w.org\/{rel}","templated":true}]}}