{"id":41977,"date":"2025-09-01T10:14:29","date_gmt":"2025-09-01T13:14:29","guid":{"rendered":"https:\/\/radiostudiow.com.br\/site\/?p=41977"},"modified":"2025-09-01T10:14:29","modified_gmt":"2025-09-01T13:14:29","slug":"jovem-de-bituruna-morre-no-hospital-apos-acidente-na-br-153","status":"publish","type":"post","link":"https:\/\/radiostudiow.com.br\/site\/2025\/09\/01\/jovem-de-bituruna-morre-no-hospital-apos-acidente-na-br-153\/","title":{"rendered":"Jovem de Bituruna morre no hospital ap\u00f3s acidente na BR-153"},"content":{"rendered":"\n<figure class=\"wp-block-image size-full\"><img loading=\"lazy\" decoding=\"async\" width=\"897\" height=\"204\" src=\"https:\/\/radiostudiow.com.br\/site\/wp-content\/uploads\/2025\/05\/NUTRI-MALLET.png\" alt=\"\" class=\"wp-image-37813\" srcset=\"https:\/\/radiostudiow.com.br\/site\/wp-content\/uploads\/2025\/05\/NUTRI-MALLET.png 897w, https:\/\/radiostudiow.com.br\/site\/wp-content\/uploads\/2025\/05\/NUTRI-MALLET-300x68.png 300w, https:\/\/radiostudiow.com.br\/site\/wp-content\/uploads\/2025\/05\/NUTRI-MALLET-768x175.png 768w\" sizes=\"auto, (max-width: 897px) 100vw, 897px\" \/><\/figure>\n\n\n\n<p>Um acidente na BR-153, em General Carneiro, resultou na morte de\u00a0Fernando Bertoletti Bordin, de 19 anos, morador de Bituruna. O jovem faleceu no Hospital S\u00e3o Camilo, em Uni\u00e3o da Vit\u00f3ria, na madrugada deste domingo (31), ap\u00f3s ser socorrido em estado grave.<\/p>\n\n\n\n<p>A colis\u00e3o ocorreu na tarde de s\u00e1bado (30), na localidade de Jangadinha, e envolveu tr\u00eas ve\u00edculos: um Fiat Siena, conduzido por Fernando, um caminh\u00e3o Iveco de Chapec\u00f3 (SC) e um VW Fox de Porto Uni\u00e3o. O impacto principal foi entre o Siena e o caminh\u00e3o, e o Fox acabou atingindo os ve\u00edculos logo em seguida. O estudante ficou preso \u00e0s ferragens, recebeu atendimento de emerg\u00eancia e foi encaminhado ao hospital, mas n\u00e3o resistiu.<\/p>\n\n\n\n<figure class=\"wp-block-image\" id=\"attachment_581182\"><a href=\"https:\/\/www.vvale.com.br\/transito\/jovem-fica-gravemente-ferido-em-acidente-na-br-153-em-general-carneiro\/attachment\/img_1606-e1756595258563\/\"><img decoding=\"async\" src=\"https:\/\/static5.vvale.com.br\/wp-content\/uploads\/2025\/08\/IMG_1606-e1756595258563.jpeg\" alt=\"\" class=\"wp-image-581182\"\/><\/a><figcaption class=\"wp-element-caption\">(Foto: reprodu\u00e7\u00e3o).<\/figcaption><\/figure>\n\n\n\n<p>Fernando cursava Agronomia no Centro Universit\u00e1rio UGV e trabalhava em uma cooperativa em Uni\u00e3o da Vit\u00f3ria. Sua morte gerou forte como\u00e7\u00e3o entre familiares, amigos e a comunidade regional.<\/p>\n\n\n\n<p>A institui\u00e7\u00e3o divulgou nota de pesar.<\/p>\n\n\n\n<figure class=\"wp-block-image\" id=\"attachment_581230\"><a href=\"https:\/\/www.vvale.com.br\/luto\/jovem-de-bituruna-morre-no-hospital-apos-acidente-na-br-153\/attachment\/ugv\/\"><img decoding=\"async\" src=\"https:\/\/static5.vvale.com.br\/wp-content\/uploads\/2025\/08\/ugv.jpg\" alt=\"\" class=\"wp-image-581230\"\/><\/a><figcaption class=\"wp-element-caption\">(Foto: reprodu\u00e7\u00e3o).<\/figcaption><\/figure>\n\n\n\n<p>Em nota nas redes sociais, o Restaurante 7 Colinas, de propriedade da fam\u00edlia, manifestou pesar:<br><em>\u201cSab\u00edamos da gravidade do quadro do nosso querido Fernando, mas nos prendemos a cada pequeno sinal de esperan\u00e7a, acreditando na sua for\u00e7a e na possibilidade de sua recupera\u00e7\u00e3o. Infelizmente, diante da fragilidade de sua vida, ele n\u00e3o resistiu. Com profunda dor, comunicamos o falecimento de Fernando Bertoletti Bordin. As informa\u00e7\u00f5es sobre sua despedida ainda ser\u00e3o definidas.\u201d<\/em><\/p>\n\n\n\n<p>O Restaurante Mirante Grill, tamb\u00e9m administrado pela fam\u00edlia em Porto Uni\u00e3o, lamentou a perda e anunciou a suspens\u00e3o das atividades em respeito ao per\u00edodo de luto.<\/p>\n\n\n\n<figure class=\"wp-block-image size-full\"><img loading=\"lazy\" decoding=\"async\" width=\"897\" height=\"204\" src=\"https:\/\/radiostudiow.com.br\/site\/wp-content\/uploads\/2025\/06\/BARROS.png\" alt=\"\" class=\"wp-image-39575\" srcset=\"https:\/\/radiostudiow.com.br\/site\/wp-content\/uploads\/2025\/06\/BARROS.png 897w, https:\/\/radiostudiow.com.br\/site\/wp-content\/uploads\/2025\/06\/BARROS-300x68.png 300w, https:\/\/radiostudiow.com.br\/site\/wp-content\/uploads\/2025\/06\/BARROS-768x175.png 768w\" sizes=\"auto, (max-width: 897px) 100vw, 897px\" \/><\/figure>\n\n\n\n<figure class=\"wp-block-image\" id=\"attachment_581212\"><a href=\"https:\/\/www.vvale.com.br\/luto\/jovem-de-bituruna-morre-no-hospital-apos-acidente-na-br-153\/attachment\/whatsapp-image-2025-08-31-at-09-20-42\/\"><img decoding=\"async\" src=\"https:\/\/static5.vvale.com.br\/wp-content\/uploads\/2025\/08\/WhatsApp-Image-2025-08-31-at-09.20.42-397x600.jpeg\" alt=\"\" class=\"wp-image-581212\"\/><\/a><figcaption class=\"wp-element-caption\">(Foto: reprodu\u00e7\u00e3o).<\/figcaption><\/figure>\n\n\n\n<p>O vel\u00f3rio acontece a partir das 18h desse domingo, 31, na capela municipal de Bituruna, com cerim\u00f4nia religiosa na segunda-feira, 1\u00ba, \u00e0s 10h. Logo ap\u00f3s a cerim\u00f4nia, acontecer\u00e1 seu sepultamento no cemit\u00e9rio municipal de Bituruna.<\/p>\n","protected":false},"excerpt":{"rendered":"<p>Um acidente na BR-153, em General Carneiro, resultou na morte de\u00a0Fernando Bertoletti Bordin, de 19 anos, morador de Bituruna. O jovem faleceu no Hospital S\u00e3o Camilo, em Uni\u00e3o da Vit\u00f3ria, na madrugada deste domingo (31), ap\u00f3s ser socorrido em estado grave. A colis\u00e3o ocorreu na tarde de s\u00e1bado (30), na localidade de Jangadinha, e envolveu [&hellip;]<\/p>\n","protected":false},"author":2,"featured_media":41978,"comment_status":"open","ping_status":"open","sticky":false,"template":"","format":"standard","meta":{"footnotes":""},"categories":[185],"tags":[172],"class_list":["post-41977","post","type-post","status-publish","format-standard","has-post-thumbnail","hentry","category-regional","tag-featured"],"amp_enabled":true,"_links":{"self":[{"href":"https:\/\/radiostudiow.com.br\/site\/wp-json\/wp\/v2\/posts\/41977","targetHints":{"allow":["GET"]}}],"collection":[{"href":"https:\/\/radiostudiow.com.br\/site\/wp-json\/wp\/v2\/posts"}],"about":[{"href":"https:\/\/radiostudiow.com.br\/site\/wp-json\/wp\/v2\/types\/post"}],"author":[{"embeddable":true,"href":"https:\/\/radiostudiow.com.br\/site\/wp-json\/wp\/v2\/users\/2"}],"replies":[{"embeddable":true,"href":"https:\/\/radiostudiow.com.br\/site\/wp-json\/wp\/v2\/comments?post=41977"}],"version-history":[{"count":1,"href":"https:\/\/radiostudiow.com.br\/site\/wp-json\/wp\/v2\/posts\/41977\/revisions"}],"predecessor-version":[{"id":41979,"href":"https:\/\/radiostudiow.com.br\/site\/wp-json\/wp\/v2\/posts\/41977\/revisions\/41979"}],"wp:featuredmedia":[{"embeddable":true,"href":"https:\/\/radiostudiow.com.br\/site\/wp-json\/wp\/v2\/media\/41978"}],"wp:attachment":[{"href":"https:\/\/radiostudiow.com.br\/site\/wp-json\/wp\/v2\/media?parent=41977"}],"wp:term":[{"taxonomy":"category","embeddable":true,"href":"https:\/\/radiostudiow.com.br\/site\/wp-json\/wp\/v2\/categories?post=41977"},{"taxonomy":"post_tag","embeddable":true,"href":"https:\/\/radiostudiow.com.br\/site\/wp-json\/wp\/v2\/tags?post=41977"}],"curies":[{"name":"wp","href":"https:\/\/api.w.org\/{rel}","templated":true}]}}