{"id":41980,"date":"2025-09-01T11:09:49","date_gmt":"2025-09-01T14:09:49","guid":{"rendered":"https:\/\/radiostudiow.com.br\/site\/?p=41980"},"modified":"2025-09-01T11:09:50","modified_gmt":"2025-09-01T14:09:50","slug":"carro-colide-em-poste-e-deixa-casal-ferido-em-uniao-da-vitoria","status":"publish","type":"post","link":"https:\/\/radiostudiow.com.br\/site\/2025\/09\/01\/carro-colide-em-poste-e-deixa-casal-ferido-em-uniao-da-vitoria\/","title":{"rendered":"Carro colide em poste e deixa casal ferido em Uni\u00e3o da Vit\u00f3ria"},"content":{"rendered":"\n<p>Casal ficou ferido ap\u00f3s um acidente de tr\u00e2nsito em Uni\u00e3o da Vit\u00f3ria na madrugada deste domingo (31). A colis\u00e3o ocorreu na\u00a0Rua Marechal Deodoro, esquina com a Rua Ucraniana, no bairro Rocio.<\/p>\n\n\n\n<figure class=\"wp-block-image size-full\"><img loading=\"lazy\" decoding=\"async\" width=\"598\" height=\"204\" src=\"https:\/\/radiostudiow.com.br\/site\/wp-content\/uploads\/2025\/05\/BEAZY.jpg.png\" alt=\"\" class=\"wp-image-38197\" srcset=\"https:\/\/radiostudiow.com.br\/site\/wp-content\/uploads\/2025\/05\/BEAZY.jpg.png 598w, https:\/\/radiostudiow.com.br\/site\/wp-content\/uploads\/2025\/05\/BEAZY.jpg-300x102.png 300w\" sizes=\"auto, (max-width: 598px) 100vw, 598px\" \/><\/figure>\n\n\n\n<p>De acordo com informa\u00e7\u00f5es da ocorr\u00eancia, um VW\/Gol branco, com placas de Palmas, perdeu o controle e bateu contra um poste de ilumina\u00e7\u00e3o p\u00fablica e uma lixeira. No ve\u00edculo estavam um homem e uma mulher, que ficaram feridos e precisaram de atendimento m\u00e9dico.<\/p>\n\n\n\n<p>A passageira sofreu sangramento na regi\u00e3o da cabe\u00e7a, recebeu curativo e foi imobilizada antes de ser encaminhada \u00e0 UPA. O motorista tamb\u00e9m foi levado para avalia\u00e7\u00e3o. A Pol\u00edcia Militar acompanhou a ocorr\u00eancia.<\/p>\n","protected":false},"excerpt":{"rendered":"<p>Casal ficou ferido ap\u00f3s um acidente de tr\u00e2nsito em Uni\u00e3o da Vit\u00f3ria na madrugada deste domingo (31). A colis\u00e3o ocorreu na\u00a0Rua Marechal Deodoro, esquina com a Rua Ucraniana, no bairro Rocio. De acordo com informa\u00e7\u00f5es da ocorr\u00eancia, um VW\/Gol branco, com placas de Palmas, perdeu o controle e bateu contra um poste de ilumina\u00e7\u00e3o p\u00fablica [&hellip;]<\/p>\n","protected":false},"author":2,"featured_media":41982,"comment_status":"open","ping_status":"open","sticky":false,"template":"","format":"standard","meta":{"footnotes":""},"categories":[185],"tags":[172],"class_list":["post-41980","post","type-post","status-publish","format-standard","has-post-thumbnail","hentry","category-regional","tag-featured"],"amp_enabled":true,"_links":{"self":[{"href":"https:\/\/radiostudiow.com.br\/site\/wp-json\/wp\/v2\/posts\/41980","targetHints":{"allow":["GET"]}}],"collection":[{"href":"https:\/\/radiostudiow.com.br\/site\/wp-json\/wp\/v2\/posts"}],"about":[{"href":"https:\/\/radiostudiow.com.br\/site\/wp-json\/wp\/v2\/types\/post"}],"author":[{"embeddable":true,"href":"https:\/\/radiostudiow.com.br\/site\/wp-json\/wp\/v2\/users\/2"}],"replies":[{"embeddable":true,"href":"https:\/\/radiostudiow.com.br\/site\/wp-json\/wp\/v2\/comments?post=41980"}],"version-history":[{"count":1,"href":"https:\/\/radiostudiow.com.br\/site\/wp-json\/wp\/v2\/posts\/41980\/revisions"}],"predecessor-version":[{"id":41983,"href":"https:\/\/radiostudiow.com.br\/site\/wp-json\/wp\/v2\/posts\/41980\/revisions\/41983"}],"wp:featuredmedia":[{"embeddable":true,"href":"https:\/\/radiostudiow.com.br\/site\/wp-json\/wp\/v2\/media\/41982"}],"wp:attachment":[{"href":"https:\/\/radiostudiow.com.br\/site\/wp-json\/wp\/v2\/media?parent=41980"}],"wp:term":[{"taxonomy":"category","embeddable":true,"href":"https:\/\/radiostudiow.com.br\/site\/wp-json\/wp\/v2\/categories?post=41980"},{"taxonomy":"post_tag","embeddable":true,"href":"https:\/\/radiostudiow.com.br\/site\/wp-json\/wp\/v2\/tags?post=41980"}],"curies":[{"name":"wp","href":"https:\/\/api.w.org\/{rel}","templated":true}]}}