{"id":4199,"date":"2021-10-28T09:41:36","date_gmt":"2021-10-28T12:41:36","guid":{"rendered":"https:\/\/radiostudiow.com.br\/site\/?p=4199"},"modified":"2025-01-31T15:12:24","modified_gmt":"2025-01-31T18:12:24","slug":"festa-em-chacara-termina-com-pelo-menos-dois-homens-baleados-entre-general-carneiro-e-palmas","status":"publish","type":"post","link":"https:\/\/radiostudiow.com.br\/site\/2021\/10\/28\/festa-em-chacara-termina-com-pelo-menos-dois-homens-baleados-entre-general-carneiro-e-palmas\/","title":{"rendered":"Festa em ch\u00e1cara termina com pelo menos dois homens baleados entre General Carneiro e Palmas"},"content":{"rendered":"\n<p>Ao menos dois homens ficaram feridos por disparos de arma de fogo durante uma festa promovida na noite dessa quarta-feira, 27 de outubro, em uma ch\u00e1cara \u00e0s margens da rodovia PRC-280, que liga General Carneiro e Palmas.<\/p>\n\n\n\n<p>De acordo com informa\u00e7\u00f5es, um grupo de amigos estava no loca se divertindo, quando um dos participantes de posse de uma arma de fogo, do tipo pistola 9mm, efetuou disparos e atingiu os dois homens. N\u00e3o foi divulgado se os tiros foram efetuados de maneira acidente ou n\u00e3o.<\/p>\n\n\n\n<p>Os dois homens foram encaminhados para o hospital e foram medicados. Um deles foi baleado no p\u00e9 esquerdo e o outro baleado na coxa direita. Ambos n\u00e3o correm risco de morte. O suspeito do crime fugiu do local.<\/p>\n\n\n\n<figure class=\"wp-block-image size-full\"><img decoding=\"async\" src=\"https:\/\/radiostudiow.com.br\/site\/wp-content\/uploads\/2021\/08\/vem_ai-1.jpg\" alt=\"\" class=\"wp-image-3387\"\/><\/figure>\n","protected":false},"excerpt":{"rendered":"<p>Ao menos dois homens ficaram feridos por disparos de arma de fogo durante uma festa promovida na noite dessa quarta-feira, 27 de outubro, em uma ch\u00e1cara \u00e0s margens da rodovia PRC-280, que liga General Carneiro e Palmas. De acordo com informa\u00e7\u00f5es, um grupo de amigos estava no loca se divertindo, quando um dos participantes de [&hellip;]<\/p>\n","protected":false},"author":2,"featured_media":0,"comment_status":"open","ping_status":"open","sticky":false,"template":"","format":"standard","meta":{"footnotes":""},"categories":[2],"tags":[172],"class_list":["post-4199","post","type-post","status-publish","format-standard","hentry","category-policial","tag-featured"],"amp_enabled":true,"_links":{"self":[{"href":"https:\/\/radiostudiow.com.br\/site\/wp-json\/wp\/v2\/posts\/4199","targetHints":{"allow":["GET"]}}],"collection":[{"href":"https:\/\/radiostudiow.com.br\/site\/wp-json\/wp\/v2\/posts"}],"about":[{"href":"https:\/\/radiostudiow.com.br\/site\/wp-json\/wp\/v2\/types\/post"}],"author":[{"embeddable":true,"href":"https:\/\/radiostudiow.com.br\/site\/wp-json\/wp\/v2\/users\/2"}],"replies":[{"embeddable":true,"href":"https:\/\/radiostudiow.com.br\/site\/wp-json\/wp\/v2\/comments?post=4199"}],"version-history":[{"count":1,"href":"https:\/\/radiostudiow.com.br\/site\/wp-json\/wp\/v2\/posts\/4199\/revisions"}],"predecessor-version":[{"id":4200,"href":"https:\/\/radiostudiow.com.br\/site\/wp-json\/wp\/v2\/posts\/4199\/revisions\/4200"}],"wp:attachment":[{"href":"https:\/\/radiostudiow.com.br\/site\/wp-json\/wp\/v2\/media?parent=4199"}],"wp:term":[{"taxonomy":"category","embeddable":true,"href":"https:\/\/radiostudiow.com.br\/site\/wp-json\/wp\/v2\/categories?post=4199"},{"taxonomy":"post_tag","embeddable":true,"href":"https:\/\/radiostudiow.com.br\/site\/wp-json\/wp\/v2\/tags?post=4199"}],"curies":[{"name":"wp","href":"https:\/\/api.w.org\/{rel}","templated":true}]}}