{"id":42042,"date":"2025-09-02T20:14:18","date_gmt":"2025-09-02T23:14:18","guid":{"rendered":"https:\/\/radiostudiow.com.br\/site\/?p=42042"},"modified":"2025-09-02T20:14:18","modified_gmt":"2025-09-02T23:14:18","slug":"operacao-policial-prende-integrantes-de-grupo-suspeito-de-roubar-cofres","status":"publish","type":"post","link":"https:\/\/radiostudiow.com.br\/site\/2025\/09\/02\/operacao-policial-prende-integrantes-de-grupo-suspeito-de-roubar-cofres\/","title":{"rendered":"Opera\u00e7\u00e3o Policial prende integrantes de grupo suspeito de roubar cofres"},"content":{"rendered":"\n<p class=\"has-text-align-center\"><em>Da reda\u00e7\u00e3o: Canal 4<\/em><\/p>\n\n\n\n<p>Uma opera\u00e7\u00e3o conjunta das pol\u00edcias civil e militar da cidade de Palmas que faz divisa com General Carneiro, resultou na pris\u00e3o de integrantes de um grupo especializado em furtos de cofres.<\/p>\n\n\n\n<p>A opera\u00e7\u00e3o que tamb\u00e9m contou com apoio da Pol\u00edcia Civil de Santa Catarina, foi deflagrada durante essa segunda-feira, 01\u00b0 de Setembro, e mobilizou dezenas de agentes de seguran\u00e7a.<\/p>\n\n\n\n<figure class=\"wp-block-image size-full\"><img loading=\"lazy\" decoding=\"async\" width=\"598\" height=\"204\" src=\"https:\/\/radiostudiow.com.br\/site\/wp-content\/uploads\/2025\/01\/SITE-MEDIO7.png\" alt=\"\" class=\"wp-image-32801\" srcset=\"https:\/\/radiostudiow.com.br\/site\/wp-content\/uploads\/2025\/01\/SITE-MEDIO7.png 598w, https:\/\/radiostudiow.com.br\/site\/wp-content\/uploads\/2025\/01\/SITE-MEDIO7-300x102.png 300w\" sizes=\"auto, (max-width: 598px) 100vw, 598px\" \/><\/figure>\n\n\n\n<p>De acordo com as primeiras informa\u00e7\u00f5es repassadas pelas autoridades sobre a opera\u00e7\u00e3o realizada, o grupo alvo da a\u00e7\u00e3o \u00e9 suspeito de diversos furtos qualificados com foco na subtra\u00e7\u00e3o de cofres.<\/p>\n\n\n\n<p>Durante o cumprimento dos mandados, foram realizadas pris\u00f5es e apreens\u00f5es de materiais que devem refor\u00e7ar as provas contra os suspeitos. A quantidade de presos e os itens apreendidos ainda n\u00e3o foi oficialmente divulgada.<\/p>\n\n\n\n<figure class=\"wp-block-gallery has-nested-images columns-default is-cropped wp-block-gallery-1 is-layout-flex wp-block-gallery-is-layout-flex\">\n<figure class=\"wp-block-image size-large\"><img loading=\"lazy\" decoding=\"async\" width=\"1024\" height=\"614\" data-id=\"38784\" src=\"https:\/\/radiostudiow.com.br\/site\/wp-content\/uploads\/2025\/05\/5914fcac-c2b4-4795-a120-dc162c4a6466-1024x614.jpg\" alt=\"\" class=\"wp-image-38784\" srcset=\"https:\/\/radiostudiow.com.br\/site\/wp-content\/uploads\/2025\/05\/5914fcac-c2b4-4795-a120-dc162c4a6466-1024x614.jpg 1024w, https:\/\/radiostudiow.com.br\/site\/wp-content\/uploads\/2025\/05\/5914fcac-c2b4-4795-a120-dc162c4a6466-300x180.jpg 300w, https:\/\/radiostudiow.com.br\/site\/wp-content\/uploads\/2025\/05\/5914fcac-c2b4-4795-a120-dc162c4a6466-768x460.jpg 768w, https:\/\/radiostudiow.com.br\/site\/wp-content\/uploads\/2025\/05\/5914fcac-c2b4-4795-a120-dc162c4a6466-1536x921.jpg 1536w, https:\/\/radiostudiow.com.br\/site\/wp-content\/uploads\/2025\/05\/5914fcac-c2b4-4795-a120-dc162c4a6466-1000x600.jpg 1000w, https:\/\/radiostudiow.com.br\/site\/wp-content\/uploads\/2025\/05\/5914fcac-c2b4-4795-a120-dc162c4a6466-590x354.jpg 590w, https:\/\/radiostudiow.com.br\/site\/wp-content\/uploads\/2025\/05\/5914fcac-c2b4-4795-a120-dc162c4a6466-400x240.jpg 400w, https:\/\/radiostudiow.com.br\/site\/wp-content\/uploads\/2025\/05\/5914fcac-c2b4-4795-a120-dc162c4a6466.jpg 1600w\" sizes=\"auto, (max-width: 1024px) 100vw, 1024px\" \/><\/figure>\n\n\n\n<figure class=\"wp-block-image size-large\"><img loading=\"lazy\" decoding=\"async\" width=\"300\" height=\"180\" data-id=\"39582\" src=\"https:\/\/radiostudiow.com.br\/site\/wp-content\/uploads\/2025\/06\/PLAY-HALL.png\" alt=\"\" class=\"wp-image-39582\"\/><\/figure>\n<\/figure>\n\n\n\n<p><a href=\"https:\/\/www.facebook.com\/sharer.php?u=https%3A%2F%2Fcanal4.tv.br%2F2025%2F09%2F02%2Foperacao-policial-prende-integrantes-de-grupo-suspeito-de-roubar-cofres%2F%3Ffbclid%3DIwY2xjawMkWKlleHRuA2FlbQIxMQABHrmTfqf-fiydNL0HX6OPZdBzBtpJpnF0WnaSTtmIlETGzox1bOsTCB8cjWyG_aem_mWO_BxrclopVu2jUCAgckA\" target=\"_blank\" rel=\"noreferrer noopener\"><\/a><\/p>\n\n\n\n<p><a href=\"https:\/\/web.whatsapp.com\/send?text=Opera%C3%A7%C3%A3o%20Policial%20prende%20integrantes%20de%20grupo%20suspeito%20de%20roubar%20cofres%20%E2%98%9B%20https%3A%2F%2Fcanal4.tv.br%2F2025%2F09%2F02%2Foperacao-policial-prende-integrantes-de-grupo-suspeito-de-roubar-cofres%2F%3Ffbclid%3DIwY2xjawMkWKlleHRuA2FlbQIxMQABHrmTfqf-fiydNL0HX6OPZdBzBtpJpnF0WnaSTtmIlETGzox1bOsTCB8cjWyG_aem_mWO_BxrclopVu2jUCAgckA\" target=\"_blank\" rel=\"noreferrer noopener\"><\/a><\/p>\n\n\n\n<p><a href=\"javascript:void(0);\"><\/a><\/p>\n","protected":false},"excerpt":{"rendered":"<p>Da reda\u00e7\u00e3o: Canal 4 Uma opera\u00e7\u00e3o conjunta das pol\u00edcias civil e militar da cidade de Palmas que faz divisa com General Carneiro, resultou na pris\u00e3o de integrantes de um grupo especializado em furtos de cofres. A opera\u00e7\u00e3o que tamb\u00e9m contou com apoio da Pol\u00edcia Civil de Santa Catarina, foi deflagrada durante essa segunda-feira, 01\u00b0 de [&hellip;]<\/p>\n","protected":false},"author":2,"featured_media":34036,"comment_status":"open","ping_status":"open","sticky":false,"template":"","format":"standard","meta":{"footnotes":""},"categories":[2],"tags":[172],"class_list":["post-42042","post","type-post","status-publish","format-standard","has-post-thumbnail","hentry","category-policial","tag-featured"],"amp_enabled":true,"_links":{"self":[{"href":"https:\/\/radiostudiow.com.br\/site\/wp-json\/wp\/v2\/posts\/42042","targetHints":{"allow":["GET"]}}],"collection":[{"href":"https:\/\/radiostudiow.com.br\/site\/wp-json\/wp\/v2\/posts"}],"about":[{"href":"https:\/\/radiostudiow.com.br\/site\/wp-json\/wp\/v2\/types\/post"}],"author":[{"embeddable":true,"href":"https:\/\/radiostudiow.com.br\/site\/wp-json\/wp\/v2\/users\/2"}],"replies":[{"embeddable":true,"href":"https:\/\/radiostudiow.com.br\/site\/wp-json\/wp\/v2\/comments?post=42042"}],"version-history":[{"count":1,"href":"https:\/\/radiostudiow.com.br\/site\/wp-json\/wp\/v2\/posts\/42042\/revisions"}],"predecessor-version":[{"id":42043,"href":"https:\/\/radiostudiow.com.br\/site\/wp-json\/wp\/v2\/posts\/42042\/revisions\/42043"}],"wp:featuredmedia":[{"embeddable":true,"href":"https:\/\/radiostudiow.com.br\/site\/wp-json\/wp\/v2\/media\/34036"}],"wp:attachment":[{"href":"https:\/\/radiostudiow.com.br\/site\/wp-json\/wp\/v2\/media?parent=42042"}],"wp:term":[{"taxonomy":"category","embeddable":true,"href":"https:\/\/radiostudiow.com.br\/site\/wp-json\/wp\/v2\/categories?post=42042"},{"taxonomy":"post_tag","embeddable":true,"href":"https:\/\/radiostudiow.com.br\/site\/wp-json\/wp\/v2\/tags?post=42042"}],"curies":[{"name":"wp","href":"https:\/\/api.w.org\/{rel}","templated":true}]}}