{"id":42044,"date":"2025-09-02T20:18:04","date_gmt":"2025-09-02T23:18:04","guid":{"rendered":"https:\/\/radiostudiow.com.br\/site\/?p=42044"},"modified":"2025-09-02T20:18:05","modified_gmt":"2025-09-02T23:18:05","slug":"julgamento-do-caso-joelcio-silva-sera-realizado-nesta-quarta-feira-03","status":"publish","type":"post","link":"https:\/\/radiostudiow.com.br\/site\/2025\/09\/02\/julgamento-do-caso-joelcio-silva-sera-realizado-nesta-quarta-feira-03\/","title":{"rendered":"Julgamento do caso Joelcio Silva ser\u00e1 realizado nesta quarta-feira (03)"},"content":{"rendered":"\n<figure class=\"wp-block-gallery has-nested-images columns-default is-cropped wp-block-gallery-1 is-layout-flex wp-block-gallery-is-layout-flex\">\n<figure class=\"wp-block-image size-large\"><img loading=\"lazy\" decoding=\"async\" width=\"300\" height=\"180\" data-id=\"38684\" src=\"https:\/\/radiostudiow.com.br\/site\/wp-content\/uploads\/2025\/05\/SITE-PEQUENO.jpg\" alt=\"\" class=\"wp-image-38684\"\/><\/figure>\n\n\n\n<figure class=\"wp-block-image size-large\"><img loading=\"lazy\" decoding=\"async\" width=\"300\" height=\"180\" data-id=\"38014\" src=\"https:\/\/radiostudiow.com.br\/site\/wp-content\/uploads\/2025\/05\/VANE.png\" alt=\"\" class=\"wp-image-38014\"\/><\/figure>\n\n\n\n<figure class=\"wp-block-image size-large\"><img loading=\"lazy\" decoding=\"async\" width=\"300\" height=\"180\" data-id=\"41962\" src=\"https:\/\/radiostudiow.com.br\/site\/wp-content\/uploads\/2025\/08\/LILO.png\" alt=\"\" class=\"wp-image-41962\"\/><\/figure>\n<\/figure>\n\n\n\n<p>Acontece novamente nesta quarta-feira, dia 03 de setembro, o julgamento do caso Joelcio Silva, assassinado em janeiro de 2021 em frente ao condom\u00ednio Treviso, em Uni\u00e3o da Vit\u00f3ria. O julgamento volta a ser realizado cerca de tr\u00eas meses ap\u00f3s ter sido interrompido por quebra de comunicabilidade, ap\u00f3s uma testemunha de acusa\u00e7\u00e3o ter sido flagrada em uma conversa suspeita no lado de fora do F\u00f3rum durante o hor\u00e1rio do almo\u00e7o.<\/p>\n\n\n\n<p>Estar\u00e3o novamente sendo julgados os r\u00e9us: Gabriel Buch, Marllon de Souza e Mattheus Cunha, os quais s\u00e3o acusados pelo assassinato. O julgamento ter\u00e1 in\u00edcio \u00e0s 09 horas no F\u00f3rum de Uni\u00e3o da Vit\u00f3ria e dever\u00e1 ser retomado desde o in\u00edcio, com escolha de novos jurados e presen\u00e7a de todas as testemunhas.<\/p>\n\n\n<div class=\"wp-block-image\">\n<figure class=\"aligncenter\"><img decoding=\"async\" src=\"https:\/\/canal4.tv.br\/wp-content\/uploads\/2025\/05\/Sem-titulohsfdhfhtehytnbnfg.jpg\" alt=\"\" class=\"wp-image-66244\"\/><\/figure>\n<\/div>\n\n\n<figure class=\"wp-block-gallery has-nested-images columns-default is-cropped wp-block-gallery-2 is-layout-flex wp-block-gallery-is-layout-flex\">\n<figure class=\"wp-block-image size-large\"><img loading=\"lazy\" decoding=\"async\" width=\"300\" height=\"180\" data-id=\"37219\" src=\"https:\/\/radiostudiow.com.br\/site\/wp-content\/uploads\/2025\/04\/AGRODU.png\" alt=\"\" class=\"wp-image-37219\"\/><\/figure>\n\n\n\n<figure class=\"wp-block-image size-large\"><img loading=\"lazy\" decoding=\"async\" width=\"300\" height=\"180\" data-id=\"39576\" src=\"https:\/\/radiostudiow.com.br\/site\/wp-content\/uploads\/2025\/06\/FRAN.png\" alt=\"\" class=\"wp-image-39576\"\/><\/figure>\n\n\n\n<figure class=\"wp-block-image size-large\"><img loading=\"lazy\" decoding=\"async\" width=\"300\" height=\"180\" data-id=\"37227\" src=\"https:\/\/radiostudiow.com.br\/site\/wp-content\/uploads\/2025\/04\/DAIANE.png\" alt=\"\" class=\"wp-image-37227\"\/><\/figure>\n<\/figure>\n\n\n\n<p>O caso que teve grande repercuss\u00e3o no Vale do Igua\u00e7u ganhou um novo epis\u00f3dio de drama ap\u00f3s ter sido adiado. O adiamento aconteceu enquanto o julgamento ocorria em 28 de maio. A situa\u00e7\u00e3o aconteceu por volta do meio dia, em um momento de intervalo. Neste per\u00edodo, advogados de defesa flagraram uma testemunha de acusa\u00e7\u00e3o saindo do pr\u00e9dio do f\u00f3rum da Comarca de Uni\u00e3o da Vit\u00f3ria, circulando em via p\u00fablica e conversando com uma pessoa suspeita, retornando na sequ\u00eancia para dentro do f\u00f3rum. Esses fatos foram registrados pelos advogados de defesa por meio de grava\u00e7\u00e3o em v\u00eddeo e tamb\u00e9m atrav\u00e9s de uma c\u00e2mera de monitoramento.<\/p>\n\n\n<div class=\"wp-block-image\">\n<figure class=\"aligncenter\"><img decoding=\"async\" src=\"https:\/\/canal4.tv.br\/wp-content\/uploads\/2025\/05\/Sem-titulohsfdhfhtegfgfgfgfghytnbnfg.jpg\" alt=\"\" class=\"wp-image-66266\"\/><\/figure>\n<\/div>\n\n\n<p>Depois do retorno do almo\u00e7o, os advogados apresentaram as imagens e solicitaram a nulidade do julgamento, ou seja, o adiamento. O pedido tamb\u00e9m foi corroborado pelo Promotor de Justi\u00e7a. At\u00e9 \u00e0quele momento, uma pessoa havia sido ouvida em depoimento. Joelcio Silva foi morto com um tiro em janeiro de 2021 em frente ao condom\u00ednio Treviso no bairro Rocio em Uni\u00e3o da Vit\u00f3ria. Os tr\u00eas r\u00e9us s\u00e3o apontados como respons\u00e1veis pelo crime.<\/p>\n\n\n\n<p><\/p>\n","protected":false},"excerpt":{"rendered":"<p>Acontece novamente nesta quarta-feira, dia 03 de setembro, o julgamento do caso Joelcio Silva, assassinado em janeiro de 2021 em frente ao condom\u00ednio Treviso, em Uni\u00e3o da Vit\u00f3ria. O julgamento volta a ser realizado cerca de tr\u00eas meses ap\u00f3s ter sido interrompido por quebra de comunicabilidade, ap\u00f3s uma testemunha de acusa\u00e7\u00e3o ter sido flagrada em [&hellip;]<\/p>\n","protected":false},"author":2,"featured_media":42045,"comment_status":"open","ping_status":"open","sticky":false,"template":"","format":"standard","meta":{"footnotes":""},"categories":[2],"tags":[172],"class_list":["post-42044","post","type-post","status-publish","format-standard","has-post-thumbnail","hentry","category-policial","tag-featured"],"amp_enabled":true,"_links":{"self":[{"href":"https:\/\/radiostudiow.com.br\/site\/wp-json\/wp\/v2\/posts\/42044","targetHints":{"allow":["GET"]}}],"collection":[{"href":"https:\/\/radiostudiow.com.br\/site\/wp-json\/wp\/v2\/posts"}],"about":[{"href":"https:\/\/radiostudiow.com.br\/site\/wp-json\/wp\/v2\/types\/post"}],"author":[{"embeddable":true,"href":"https:\/\/radiostudiow.com.br\/site\/wp-json\/wp\/v2\/users\/2"}],"replies":[{"embeddable":true,"href":"https:\/\/radiostudiow.com.br\/site\/wp-json\/wp\/v2\/comments?post=42044"}],"version-history":[{"count":1,"href":"https:\/\/radiostudiow.com.br\/site\/wp-json\/wp\/v2\/posts\/42044\/revisions"}],"predecessor-version":[{"id":42046,"href":"https:\/\/radiostudiow.com.br\/site\/wp-json\/wp\/v2\/posts\/42044\/revisions\/42046"}],"wp:featuredmedia":[{"embeddable":true,"href":"https:\/\/radiostudiow.com.br\/site\/wp-json\/wp\/v2\/media\/42045"}],"wp:attachment":[{"href":"https:\/\/radiostudiow.com.br\/site\/wp-json\/wp\/v2\/media?parent=42044"}],"wp:term":[{"taxonomy":"category","embeddable":true,"href":"https:\/\/radiostudiow.com.br\/site\/wp-json\/wp\/v2\/categories?post=42044"},{"taxonomy":"post_tag","embeddable":true,"href":"https:\/\/radiostudiow.com.br\/site\/wp-json\/wp\/v2\/tags?post=42044"}],"curies":[{"name":"wp","href":"https:\/\/api.w.org\/{rel}","templated":true}]}}