{"id":42052,"date":"2025-09-03T09:44:32","date_gmt":"2025-09-03T12:44:32","guid":{"rendered":"https:\/\/radiostudiow.com.br\/site\/?p=42052"},"modified":"2025-09-03T09:44:32","modified_gmt":"2025-09-03T12:44:32","slug":"policia-militar-cumpre-mandados-de-prisao-em-uniao-da-vitoria","status":"publish","type":"post","link":"https:\/\/radiostudiow.com.br\/site\/2025\/09\/03\/policia-militar-cumpre-mandados-de-prisao-em-uniao-da-vitoria\/","title":{"rendered":"Pol\u00edcia Militar cumpre mandados de pris\u00e3o em Uni\u00e3o da Vit\u00f3ria"},"content":{"rendered":"\n<figure class=\"wp-block-image size-full\"><img loading=\"lazy\" decoding=\"async\" width=\"897\" height=\"204\" src=\"https:\/\/radiostudiow.com.br\/site\/wp-content\/uploads\/2025\/02\/SITE-GRANDE7.png\" alt=\"\" class=\"wp-image-33861\" srcset=\"https:\/\/radiostudiow.com.br\/site\/wp-content\/uploads\/2025\/02\/SITE-GRANDE7.png 897w, https:\/\/radiostudiow.com.br\/site\/wp-content\/uploads\/2025\/02\/SITE-GRANDE7-300x68.png 300w, https:\/\/radiostudiow.com.br\/site\/wp-content\/uploads\/2025\/02\/SITE-GRANDE7-768x175.png 768w\" sizes=\"auto, (max-width: 897px) 100vw, 897px\" \/><\/figure>\n\n\n\n<p><em>A equipe da Pol\u00edcia Militar cumpriu dois mandados de pris\u00e3o nesta ter\u00e7a-feira, 02 de setembro, no bairro S\u00e3o Crist\u00f3v\u00e3o em Uni\u00e3o da Vit\u00f3ria.<\/em><\/p>\n\n\n\n<p>Durante patrulhamento por volta das\u00a008h10min, a equipe policial visualizou um indiv\u00edduo sobre o qual havia conhecimento pr\u00e9vio da exist\u00eancia de mandado de pris\u00e3o ativo.<\/p>\n\n\n\n<p>Realizada a abordagem, o homem foi devidamente identificado e, ap\u00f3s consulta aos sistemas, confirmou-se a vig\u00eancia do mandado.<\/p>\n\n\n\n<p>Diante dos fatos, foi-lhe dada voz de pris\u00e3o, sendo o mesmo conduzido \u00e0 sede do DEPEN em Uni\u00e3o da Vit\u00f3ria, onde permaneceu \u00e0 disposi\u00e7\u00e3o da Justi\u00e7a.<\/p>\n\n\n\n<figure class=\"wp-block-image size-full\"><img loading=\"lazy\" decoding=\"async\" width=\"897\" height=\"204\" src=\"https:\/\/radiostudiow.com.br\/site\/wp-content\/uploads\/2025\/03\/BARAO-NOVO-NOTICIAS-1.jpg\" alt=\"\" class=\"wp-image-35084\" srcset=\"https:\/\/radiostudiow.com.br\/site\/wp-content\/uploads\/2025\/03\/BARAO-NOVO-NOTICIAS-1.jpg 897w, https:\/\/radiostudiow.com.br\/site\/wp-content\/uploads\/2025\/03\/BARAO-NOVO-NOTICIAS-1-300x68.jpg 300w, https:\/\/radiostudiow.com.br\/site\/wp-content\/uploads\/2025\/03\/BARAO-NOVO-NOTICIAS-1-768x175.jpg 768w\" sizes=\"auto, (max-width: 897px) 100vw, 897px\" \/><\/figure>\n\n\n\n<p><br>A segunda situa\u00e7\u00e3o foi registrada por volta das 09 horas, durante patrulhamento a equipe policial avistou um indiv\u00edduo  conhecido por possuir mandado de pris\u00e3o em aberto.<\/p>\n\n\n\n<p>Diante disso, procedeu-se \u00e0 abordagem e \u00e0 identifica\u00e7\u00e3o do suspeito. Ap\u00f3s verifica\u00e7\u00e3o nos sistemas, foi confirmada a exist\u00eancia do mandado ativo.<\/p>\n\n\n\n<p>O homem recebeu voz de pris\u00e3o e, em seguida, foi conduzido at\u00e9 a sede do DEPEN em Uni\u00e3o da Vit\u00f3ria, onde ficou \u00e0 disposi\u00e7\u00e3o da Justi\u00e7a.<\/p>\n\n\n\n<p><\/p>\n","protected":false},"excerpt":{"rendered":"<p>A equipe da Pol\u00edcia Militar cumpriu dois mandados de pris\u00e3o nesta ter\u00e7a-feira, 02 de setembro, no bairro S\u00e3o Crist\u00f3v\u00e3o em Uni\u00e3o da Vit\u00f3ria. Durante patrulhamento por volta das\u00a008h10min, a equipe policial visualizou um indiv\u00edduo sobre o qual havia conhecimento pr\u00e9vio da exist\u00eancia de mandado de pris\u00e3o ativo. Realizada a abordagem, o homem foi devidamente identificado [&hellip;]<\/p>\n","protected":false},"author":2,"featured_media":38326,"comment_status":"open","ping_status":"open","sticky":false,"template":"","format":"standard","meta":{"footnotes":""},"categories":[2],"tags":[172],"class_list":["post-42052","post","type-post","status-publish","format-standard","has-post-thumbnail","hentry","category-policial","tag-featured"],"amp_enabled":true,"_links":{"self":[{"href":"https:\/\/radiostudiow.com.br\/site\/wp-json\/wp\/v2\/posts\/42052","targetHints":{"allow":["GET"]}}],"collection":[{"href":"https:\/\/radiostudiow.com.br\/site\/wp-json\/wp\/v2\/posts"}],"about":[{"href":"https:\/\/radiostudiow.com.br\/site\/wp-json\/wp\/v2\/types\/post"}],"author":[{"embeddable":true,"href":"https:\/\/radiostudiow.com.br\/site\/wp-json\/wp\/v2\/users\/2"}],"replies":[{"embeddable":true,"href":"https:\/\/radiostudiow.com.br\/site\/wp-json\/wp\/v2\/comments?post=42052"}],"version-history":[{"count":1,"href":"https:\/\/radiostudiow.com.br\/site\/wp-json\/wp\/v2\/posts\/42052\/revisions"}],"predecessor-version":[{"id":42053,"href":"https:\/\/radiostudiow.com.br\/site\/wp-json\/wp\/v2\/posts\/42052\/revisions\/42053"}],"wp:featuredmedia":[{"embeddable":true,"href":"https:\/\/radiostudiow.com.br\/site\/wp-json\/wp\/v2\/media\/38326"}],"wp:attachment":[{"href":"https:\/\/radiostudiow.com.br\/site\/wp-json\/wp\/v2\/media?parent=42052"}],"wp:term":[{"taxonomy":"category","embeddable":true,"href":"https:\/\/radiostudiow.com.br\/site\/wp-json\/wp\/v2\/categories?post=42052"},{"taxonomy":"post_tag","embeddable":true,"href":"https:\/\/radiostudiow.com.br\/site\/wp-json\/wp\/v2\/tags?post=42052"}],"curies":[{"name":"wp","href":"https:\/\/api.w.org\/{rel}","templated":true}]}}