{"id":42217,"date":"2025-09-08T09:13:54","date_gmt":"2025-09-08T12:13:54","guid":{"rendered":"https:\/\/radiostudiow.com.br\/site\/?p=42217"},"modified":"2025-09-08T09:13:54","modified_gmt":"2025-09-08T12:13:54","slug":"homem-internado-furta-celular-de-outro-paciente-e-foge-em-irati","status":"publish","type":"post","link":"https:\/\/radiostudiow.com.br\/site\/2025\/09\/08\/homem-internado-furta-celular-de-outro-paciente-e-foge-em-irati\/","title":{"rendered":"Homem internado furta celular de outro paciente e foge em Irati"},"content":{"rendered":"\n<figure class=\"wp-block-image size-full\"><img loading=\"lazy\" decoding=\"async\" width=\"897\" height=\"204\" src=\"https:\/\/radiostudiow.com.br\/site\/wp-content\/uploads\/2025\/03\/BARAO-NOVO-NOTICIAS-1.jpg\" alt=\"\" class=\"wp-image-35084\" srcset=\"https:\/\/radiostudiow.com.br\/site\/wp-content\/uploads\/2025\/03\/BARAO-NOVO-NOTICIAS-1.jpg 897w, https:\/\/radiostudiow.com.br\/site\/wp-content\/uploads\/2025\/03\/BARAO-NOVO-NOTICIAS-1-300x68.jpg 300w, https:\/\/radiostudiow.com.br\/site\/wp-content\/uploads\/2025\/03\/BARAO-NOVO-NOTICIAS-1-768x175.jpg 768w\" sizes=\"auto, (max-width: 897px) 100vw, 897px\" \/><\/figure>\n\n\n\n<p>A enfermeira respons\u00e1vel passou a relatar que foi na enfermaria onde havia tr\u00eas pacientes internados e foi para verificar o sinais vitais onde um dos pacientes havia se evadido e quando observado por dois pacientes o qual notou a falta de um carregador de celular e um celular.<\/p>\n\n\n\n<p>Conforme relato via 190, onde a solicitante enfermeira da unidade de Pronto atendimento de sa\u00fade, informa o furto de objetos de dois pacientes internados. A ocorr\u00eancia de furto simples de um celular por um paciente ocorreu na manh\u00e3 06\/09, por volta das 07h45 em Irati<\/p>\n\n\n\n<p>Com a equipe na unidade de pronto atendimento foi conversado com a enfermeira respons\u00e1vel a qual passou a relatar que foi na enfermaria masculina<\/p>\n\n\n\n<figure class=\"wp-block-image size-full\"><img loading=\"lazy\" decoding=\"async\" width=\"598\" height=\"204\" src=\"https:\/\/radiostudiow.com.br\/site\/wp-content\/uploads\/2025\/05\/BEAZY.jpg.png\" alt=\"\" class=\"wp-image-38197\" srcset=\"https:\/\/radiostudiow.com.br\/site\/wp-content\/uploads\/2025\/05\/BEAZY.jpg.png 598w, https:\/\/radiostudiow.com.br\/site\/wp-content\/uploads\/2025\/05\/BEAZY.jpg-300x102.png 300w\" sizes=\"auto, (max-width: 598px) 100vw, 598px\" \/><\/figure>\n\n\n\n<p>onde haviam tr\u00eas pacientes internados por volta das 06h00, para verificar sinais vitais onde um dos pacientes havia se evadido e quando foi observado por dois pacientes o qual notou a falta de um carregador de celular e um celular da marca Samsung.<\/p>\n\n\n\n<p>A testemunha repassou dados do prontu\u00e1rio da pessoa que se evadiu do local onde se encontrava internado e sendo consultado via (SESP) onde pela foto do sistema foi reconhecido pelas v\u00edtimas que estava internado junto na enfermaria como poss\u00edvel autor do furto. Sendo atrav\u00e9s dos fatos as partes envolvidas orientadas quanto \u00e0s demais provid\u00eancias cab\u00edveis.<\/p>\n\n\n\n<p class=\"has-text-align-center\"><em>Informa\u00e7\u00e3o 8\u00b0CIPM\/Imagem Reprodu\u00e7\u00e3o\/Rede Social\/Colabora\u00e7\u00e3o Rep\u00f3rter Kiko de Oliveira<\/em><\/p>\n","protected":false},"excerpt":{"rendered":"<p>A enfermeira respons\u00e1vel passou a relatar que foi na enfermaria onde havia tr\u00eas pacientes internados e foi para verificar o sinais vitais onde um dos pacientes havia se evadido e quando observado por dois pacientes o qual notou a falta de um carregador de celular e um celular. Conforme relato via 190, onde a solicitante [&hellip;]<\/p>\n","protected":false},"author":2,"featured_media":42218,"comment_status":"open","ping_status":"open","sticky":false,"template":"","format":"standard","meta":{"footnotes":""},"categories":[2],"tags":[172],"class_list":["post-42217","post","type-post","status-publish","format-standard","has-post-thumbnail","hentry","category-policial","tag-featured"],"amp_enabled":true,"_links":{"self":[{"href":"https:\/\/radiostudiow.com.br\/site\/wp-json\/wp\/v2\/posts\/42217","targetHints":{"allow":["GET"]}}],"collection":[{"href":"https:\/\/radiostudiow.com.br\/site\/wp-json\/wp\/v2\/posts"}],"about":[{"href":"https:\/\/radiostudiow.com.br\/site\/wp-json\/wp\/v2\/types\/post"}],"author":[{"embeddable":true,"href":"https:\/\/radiostudiow.com.br\/site\/wp-json\/wp\/v2\/users\/2"}],"replies":[{"embeddable":true,"href":"https:\/\/radiostudiow.com.br\/site\/wp-json\/wp\/v2\/comments?post=42217"}],"version-history":[{"count":2,"href":"https:\/\/radiostudiow.com.br\/site\/wp-json\/wp\/v2\/posts\/42217\/revisions"}],"predecessor-version":[{"id":42220,"href":"https:\/\/radiostudiow.com.br\/site\/wp-json\/wp\/v2\/posts\/42217\/revisions\/42220"}],"wp:featuredmedia":[{"embeddable":true,"href":"https:\/\/radiostudiow.com.br\/site\/wp-json\/wp\/v2\/media\/42218"}],"wp:attachment":[{"href":"https:\/\/radiostudiow.com.br\/site\/wp-json\/wp\/v2\/media?parent=42217"}],"wp:term":[{"taxonomy":"category","embeddable":true,"href":"https:\/\/radiostudiow.com.br\/site\/wp-json\/wp\/v2\/categories?post=42217"},{"taxonomy":"post_tag","embeddable":true,"href":"https:\/\/radiostudiow.com.br\/site\/wp-json\/wp\/v2\/tags?post=42217"}],"curies":[{"name":"wp","href":"https:\/\/api.w.org\/{rel}","templated":true}]}}