{"id":42329,"date":"2025-09-10T21:34:26","date_gmt":"2025-09-11T00:34:26","guid":{"rendered":"https:\/\/radiostudiow.com.br\/site\/?p=42329"},"modified":"2025-09-10T21:34:27","modified_gmt":"2025-09-11T00:34:27","slug":"homem-e-conduzido-a-policia-por-posse-de-entorpecente-em-paulo-frontin","status":"publish","type":"post","link":"https:\/\/radiostudiow.com.br\/site\/2025\/09\/10\/homem-e-conduzido-a-policia-por-posse-de-entorpecente-em-paulo-frontin\/","title":{"rendered":"Homem \u00e9 conduzido \u00e0 pol\u00edcia por posse de entorpecente em Paulo Frontin"},"content":{"rendered":"\n<figure class=\"wp-block-image size-full\"><img loading=\"lazy\" decoding=\"async\" width=\"897\" height=\"204\" src=\"https:\/\/radiostudiow.com.br\/site\/wp-content\/uploads\/2025\/03\/image-62.png\" alt=\"\" class=\"wp-image-35859\" srcset=\"https:\/\/radiostudiow.com.br\/site\/wp-content\/uploads\/2025\/03\/image-62.png 897w, https:\/\/radiostudiow.com.br\/site\/wp-content\/uploads\/2025\/03\/image-62-300x68.png 300w, https:\/\/radiostudiow.com.br\/site\/wp-content\/uploads\/2025\/03\/image-62-768x175.png 768w\" sizes=\"auto, (max-width: 897px) 100vw, 897px\" \/><\/figure>\n\n\n\n<p class=\"has-medium-font-size\">Um homem foi conduzido ao Destacamento Policial Militar na noite desta ter\u00e7a-feira (9) ap\u00f3s ser flagrado com subst\u00e2ncia entorpecente no centro do munic\u00edpio de Paulo Frontin.<\/p>\n\n\n\n<p style=\"font-size:27px\"><strong>Segundo a Pol\u00edcia Militar, por volta das 19h50, durante patrulhamento, a equipe abordou um indiv\u00edduo em atitude suspeita. Na busca pessoal, os policiais localizaram uma quantidade de subst\u00e2ncia an\u00e1loga \u00e0 maconha.<\/strong><\/p>\n\n\n\n<p>O homem foi encaminhado ao destacamento para a confec\u00e7\u00e3o do Termo Circunstanciado de Infra\u00e7\u00e3o Penal, procedimento utilizado em casos de posse de drogas para uso pessoal.<\/p>\n\n\n\n<p>A atua\u00e7\u00e3o preventiva e do patrulhamento constante da Pol\u00edcia Militar no centro, bairros e na \u00e1rea rural da cidade, visa \u00e0 seguran\u00e7a da popula\u00e7\u00e3o e ao cumprimento da lei.<\/p>\n\n\n\n<figure class=\"wp-block-image size-full\"><img loading=\"lazy\" decoding=\"async\" width=\"897\" height=\"204\" src=\"https:\/\/radiostudiow.com.br\/site\/wp-content\/uploads\/2025\/02\/SITE-GRANDE7.png\" alt=\"\" class=\"wp-image-33861\" srcset=\"https:\/\/radiostudiow.com.br\/site\/wp-content\/uploads\/2025\/02\/SITE-GRANDE7.png 897w, https:\/\/radiostudiow.com.br\/site\/wp-content\/uploads\/2025\/02\/SITE-GRANDE7-300x68.png 300w, https:\/\/radiostudiow.com.br\/site\/wp-content\/uploads\/2025\/02\/SITE-GRANDE7-768x175.png 768w\" sizes=\"auto, (max-width: 897px) 100vw, 897px\" \/><\/figure>\n\n\n\n<h2 class=\"wp-block-heading\"> FONTE: 27\u00ba BPM<\/h2>\n\n\n\n<p><\/p>\n","protected":false},"excerpt":{"rendered":"<p>Um homem foi conduzido ao Destacamento Policial Militar na noite desta ter\u00e7a-feira (9) ap\u00f3s ser flagrado com subst\u00e2ncia entorpecente no centro do munic\u00edpio de Paulo Frontin. Segundo a Pol\u00edcia Militar, por volta das 19h50, durante patrulhamento, a equipe abordou um indiv\u00edduo em atitude suspeita. Na busca pessoal, os policiais localizaram uma quantidade de subst\u00e2ncia an\u00e1loga [&hellip;]<\/p>\n","protected":false},"author":2,"featured_media":42330,"comment_status":"open","ping_status":"open","sticky":false,"template":"","format":"standard","meta":{"footnotes":""},"categories":[2],"tags":[172],"class_list":["post-42329","post","type-post","status-publish","format-standard","has-post-thumbnail","hentry","category-policial","tag-featured"],"amp_enabled":true,"_links":{"self":[{"href":"https:\/\/radiostudiow.com.br\/site\/wp-json\/wp\/v2\/posts\/42329","targetHints":{"allow":["GET"]}}],"collection":[{"href":"https:\/\/radiostudiow.com.br\/site\/wp-json\/wp\/v2\/posts"}],"about":[{"href":"https:\/\/radiostudiow.com.br\/site\/wp-json\/wp\/v2\/types\/post"}],"author":[{"embeddable":true,"href":"https:\/\/radiostudiow.com.br\/site\/wp-json\/wp\/v2\/users\/2"}],"replies":[{"embeddable":true,"href":"https:\/\/radiostudiow.com.br\/site\/wp-json\/wp\/v2\/comments?post=42329"}],"version-history":[{"count":1,"href":"https:\/\/radiostudiow.com.br\/site\/wp-json\/wp\/v2\/posts\/42329\/revisions"}],"predecessor-version":[{"id":42331,"href":"https:\/\/radiostudiow.com.br\/site\/wp-json\/wp\/v2\/posts\/42329\/revisions\/42331"}],"wp:featuredmedia":[{"embeddable":true,"href":"https:\/\/radiostudiow.com.br\/site\/wp-json\/wp\/v2\/media\/42330"}],"wp:attachment":[{"href":"https:\/\/radiostudiow.com.br\/site\/wp-json\/wp\/v2\/media?parent=42329"}],"wp:term":[{"taxonomy":"category","embeddable":true,"href":"https:\/\/radiostudiow.com.br\/site\/wp-json\/wp\/v2\/categories?post=42329"},{"taxonomy":"post_tag","embeddable":true,"href":"https:\/\/radiostudiow.com.br\/site\/wp-json\/wp\/v2\/tags?post=42329"}],"curies":[{"name":"wp","href":"https:\/\/api.w.org\/{rel}","templated":true}]}}