{"id":42332,"date":"2025-09-10T21:44:18","date_gmt":"2025-09-11T00:44:18","guid":{"rendered":"https:\/\/radiostudiow.com.br\/site\/?p=42332"},"modified":"2025-09-10T21:44:19","modified_gmt":"2025-09-11T00:44:19","slug":"policia-militar-apreende-arma-de-fogo-apos-ocorrencia-de-violencia-domestica-em-mallet","status":"publish","type":"post","link":"https:\/\/radiostudiow.com.br\/site\/2025\/09\/10\/policia-militar-apreende-arma-de-fogo-apos-ocorrencia-de-violencia-domestica-em-mallet\/","title":{"rendered":"Pol\u00edcia Militar apreende arma de fogo ap\u00f3s ocorr\u00eancia de viol\u00eancia dom\u00e9stica em Mallet"},"content":{"rendered":"\n<figure class=\"wp-block-image size-full\"><img loading=\"lazy\" decoding=\"async\" width=\"897\" height=\"204\" src=\"https:\/\/radiostudiow.com.br\/site\/wp-content\/uploads\/2025\/06\/BARROS.png\" alt=\"\" class=\"wp-image-39575\" srcset=\"https:\/\/radiostudiow.com.br\/site\/wp-content\/uploads\/2025\/06\/BARROS.png 897w, https:\/\/radiostudiow.com.br\/site\/wp-content\/uploads\/2025\/06\/BARROS-300x68.png 300w, https:\/\/radiostudiow.com.br\/site\/wp-content\/uploads\/2025\/06\/BARROS-768x175.png 768w\" sizes=\"auto, (max-width: 897px) 100vw, 897px\" \/><\/figure>\n\n\n\n<p><\/p>\n\n\n\n<p style=\"font-size:26px\">A Pol\u00edcia Militar apreendeu uma arma de fogo na noite de ter\u00e7a-feira (9) no distrito de Rio Claro do Sul, interior de Mallet, durante atendimento a uma ocorr\u00eancia de viol\u00eancia dom\u00e9stica.<\/p>\n\n\n\n<p style=\"font-size:21px\"><strong>De acordo com a PM, a equipe foi acionada por volta das 23h para uma den\u00fancia de que um homem embriagado estaria amea\u00e7ando sua convivente. Ao chegar ao local, os policiais constataram que o suspeito j\u00e1 havia se evadido, mas realizaram a apreens\u00e3o de uma espingarda que teria sido utilizada pelo autor.<\/strong><\/p>\n\n\n\n<figure class=\"wp-block-image size-full\"><img loading=\"lazy\" decoding=\"async\" width=\"897\" height=\"207\" src=\"https:\/\/radiostudiow.com.br\/site\/wp-content\/uploads\/2025\/07\/TIJOLAO.png\" alt=\"\" class=\"wp-image-40184\" srcset=\"https:\/\/radiostudiow.com.br\/site\/wp-content\/uploads\/2025\/07\/TIJOLAO.png 897w, https:\/\/radiostudiow.com.br\/site\/wp-content\/uploads\/2025\/07\/TIJOLAO-300x69.png 300w, https:\/\/radiostudiow.com.br\/site\/wp-content\/uploads\/2025\/07\/TIJOLAO-768x177.png 768w\" sizes=\"auto, (max-width: 897px) 100vw, 897px\" \/><\/figure>\n\n\n\n<p class=\"has-medium-font-size\">O armamento e as informa\u00e7\u00f5es coletadas foram encaminhados \u00e0 Pol\u00edcia Civil para as provid\u00eancias legais cab\u00edveis.<\/p>\n\n\n\n<p class=\"has-medium-font-size\">Lembrando que a import\u00e2ncia de den\u00fancias da popula\u00e7\u00e3o em casos de viol\u00eancia dom\u00e9stica, garante a seguran\u00e7a das v\u00edtimas e a responsabiliza\u00e7\u00e3o dos agressores.<\/p>\n\n\n\n<figure class=\"wp-block-image size-full\"><img loading=\"lazy\" decoding=\"async\" width=\"897\" height=\"204\" src=\"https:\/\/radiostudiow.com.br\/site\/wp-content\/uploads\/2025\/03\/BARAO-NOVO-NOTICIAS-1.jpg\" alt=\"\" class=\"wp-image-35084\" srcset=\"https:\/\/radiostudiow.com.br\/site\/wp-content\/uploads\/2025\/03\/BARAO-NOVO-NOTICIAS-1.jpg 897w, https:\/\/radiostudiow.com.br\/site\/wp-content\/uploads\/2025\/03\/BARAO-NOVO-NOTICIAS-1-300x68.jpg 300w, https:\/\/radiostudiow.com.br\/site\/wp-content\/uploads\/2025\/03\/BARAO-NOVO-NOTICIAS-1-768x175.jpg 768w\" sizes=\"auto, (max-width: 897px) 100vw, 897px\" \/><\/figure>\n\n\n\n<h2 class=\"wp-block-heading\"><strong>FONTE: 27\u00ba BPM<\/strong><\/h2>\n","protected":false},"excerpt":{"rendered":"<p>A Pol\u00edcia Militar apreendeu uma arma de fogo na noite de ter\u00e7a-feira (9) no distrito de Rio Claro do Sul, interior de Mallet, durante atendimento a uma ocorr\u00eancia de viol\u00eancia dom\u00e9stica. De acordo com a PM, a equipe foi acionada por volta das 23h para uma den\u00fancia de que um homem embriagado estaria amea\u00e7ando sua [&hellip;]<\/p>\n","protected":false},"author":2,"featured_media":42333,"comment_status":"open","ping_status":"open","sticky":false,"template":"","format":"standard","meta":{"footnotes":""},"categories":[2],"tags":[172],"class_list":["post-42332","post","type-post","status-publish","format-standard","has-post-thumbnail","hentry","category-policial","tag-featured"],"amp_enabled":true,"_links":{"self":[{"href":"https:\/\/radiostudiow.com.br\/site\/wp-json\/wp\/v2\/posts\/42332","targetHints":{"allow":["GET"]}}],"collection":[{"href":"https:\/\/radiostudiow.com.br\/site\/wp-json\/wp\/v2\/posts"}],"about":[{"href":"https:\/\/radiostudiow.com.br\/site\/wp-json\/wp\/v2\/types\/post"}],"author":[{"embeddable":true,"href":"https:\/\/radiostudiow.com.br\/site\/wp-json\/wp\/v2\/users\/2"}],"replies":[{"embeddable":true,"href":"https:\/\/radiostudiow.com.br\/site\/wp-json\/wp\/v2\/comments?post=42332"}],"version-history":[{"count":1,"href":"https:\/\/radiostudiow.com.br\/site\/wp-json\/wp\/v2\/posts\/42332\/revisions"}],"predecessor-version":[{"id":42334,"href":"https:\/\/radiostudiow.com.br\/site\/wp-json\/wp\/v2\/posts\/42332\/revisions\/42334"}],"wp:featuredmedia":[{"embeddable":true,"href":"https:\/\/radiostudiow.com.br\/site\/wp-json\/wp\/v2\/media\/42333"}],"wp:attachment":[{"href":"https:\/\/radiostudiow.com.br\/site\/wp-json\/wp\/v2\/media?parent=42332"}],"wp:term":[{"taxonomy":"category","embeddable":true,"href":"https:\/\/radiostudiow.com.br\/site\/wp-json\/wp\/v2\/categories?post=42332"},{"taxonomy":"post_tag","embeddable":true,"href":"https:\/\/radiostudiow.com.br\/site\/wp-json\/wp\/v2\/tags?post=42332"}],"curies":[{"name":"wp","href":"https:\/\/api.w.org\/{rel}","templated":true}]}}