{"id":42360,"date":"2025-09-11T21:21:50","date_gmt":"2025-09-12T00:21:50","guid":{"rendered":"https:\/\/radiostudiow.com.br\/site\/?p=42360"},"modified":"2025-09-11T21:28:19","modified_gmt":"2025-09-12T00:28:19","slug":"prefeitura-de-rio-azul-apura-denuncia-de-assedio-sexual-contra-servidor","status":"publish","type":"post","link":"https:\/\/radiostudiow.com.br\/site\/2025\/09\/11\/prefeitura-de-rio-azul-apura-denuncia-de-assedio-sexual-contra-servidor\/","title":{"rendered":"Prefeitura de Rio Azul apura den\u00fancia de ass\u00e9dio sexual contra servidor"},"content":{"rendered":"\n<figure class=\"wp-block-image size-full\"><img loading=\"lazy\" decoding=\"async\" width=\"897\" height=\"204\" src=\"https:\/\/radiostudiow.com.br\/site\/wp-content\/uploads\/2025\/06\/BARROS.png\" alt=\"\" class=\"wp-image-39575\" srcset=\"https:\/\/radiostudiow.com.br\/site\/wp-content\/uploads\/2025\/06\/BARROS.png 897w, https:\/\/radiostudiow.com.br\/site\/wp-content\/uploads\/2025\/06\/BARROS-300x68.png 300w, https:\/\/radiostudiow.com.br\/site\/wp-content\/uploads\/2025\/06\/BARROS-768x175.png 768w\" sizes=\"auto, (max-width: 897px) 100vw, 897px\" \/><\/figure>\n\n\n\n<p class=\"has-medium-font-size\">A Prefeitura de Rio Azul abriu um processo administrativo disciplinar para investigar uma den\u00fancia de ass\u00e9dio sexual envolvendo um(a) servidor(a) p\u00fablico(a) municipal. <\/p>\n\n\n\n<p style=\"font-size:27px\"><strong>A determina\u00e7\u00e3o foi oficializada no Di\u00e1rio Oficial do Munic\u00edpio em 5 de setembro de 2025, assinada pelo prefeito Leandro Jasinski.<\/strong><\/p>\n\n\n\n<p class=\"has-medium-font-size\">De acordo com a publica\u00e7\u00e3o, o(a) servidor(a), identificado(a) pelas iniciais \u201cA. S.\u201d, foi afastado(a) de suas fun\u00e7\u00f5es por 30 dias, per\u00edodo destinado \u00e0 apura\u00e7\u00e3o dos fatos.<\/p>\n\n\n\n<p class=\"has-medium-font-size\"><strong>A den\u00fancia foi registrada na Ouvidoria Municipal de Sa\u00fade pela pr\u00f3pria v\u00edtima. Em nota, a Prefeitura informou que o processo corre em sigilo para preservar os envolvidos e que mais detalhes ser\u00e3o divulgados apenas ap\u00f3s a conclus\u00e3o das investiga\u00e7\u00f5es.<\/strong><\/p>\n\n\n\n<h2 class=\"wp-block-heading\">Fonte: Assessoria de Imprensa da Prefeitura Municipal de Rio Azul<\/h2>\n\n\n\n<h2 class=\"wp-block-heading\" style=\"font-size:23px\"><strong>FOTO: Gabriel Foga\u00e7a Dos Santos &#8211; Prefeitura Rio Azul<\/strong><\/h2>\n\n\n\n<p><\/p>\n\n\n\n<figure class=\"wp-block-image size-full\"><img loading=\"lazy\" decoding=\"async\" width=\"598\" height=\"204\" src=\"https:\/\/radiostudiow.com.br\/site\/wp-content\/uploads\/2025\/05\/POLAK.png\" alt=\"\" class=\"wp-image-37847\" srcset=\"https:\/\/radiostudiow.com.br\/site\/wp-content\/uploads\/2025\/05\/POLAK.png 598w, https:\/\/radiostudiow.com.br\/site\/wp-content\/uploads\/2025\/05\/POLAK-300x102.png 300w\" sizes=\"auto, (max-width: 598px) 100vw, 598px\" \/><\/figure>\n","protected":false},"excerpt":{"rendered":"<p>A Prefeitura de Rio Azul abriu um processo administrativo disciplinar para investigar uma den\u00fancia de ass\u00e9dio sexual envolvendo um(a) servidor(a) p\u00fablico(a) municipal. A determina\u00e7\u00e3o foi oficializada no Di\u00e1rio Oficial do Munic\u00edpio em 5 de setembro de 2025, assinada pelo prefeito Leandro Jasinski. De acordo com a publica\u00e7\u00e3o, o(a) servidor(a), identificado(a) pelas iniciais \u201cA. S.\u201d, foi [&hellip;]<\/p>\n","protected":false},"author":2,"featured_media":42367,"comment_status":"open","ping_status":"open","sticky":false,"template":"","format":"standard","meta":{"footnotes":""},"categories":[7],"tags":[],"class_list":["post-42360","post","type-post","status-publish","format-standard","has-post-thumbnail","hentry","category-geral"],"amp_enabled":true,"_links":{"self":[{"href":"https:\/\/radiostudiow.com.br\/site\/wp-json\/wp\/v2\/posts\/42360","targetHints":{"allow":["GET"]}}],"collection":[{"href":"https:\/\/radiostudiow.com.br\/site\/wp-json\/wp\/v2\/posts"}],"about":[{"href":"https:\/\/radiostudiow.com.br\/site\/wp-json\/wp\/v2\/types\/post"}],"author":[{"embeddable":true,"href":"https:\/\/radiostudiow.com.br\/site\/wp-json\/wp\/v2\/users\/2"}],"replies":[{"embeddable":true,"href":"https:\/\/radiostudiow.com.br\/site\/wp-json\/wp\/v2\/comments?post=42360"}],"version-history":[{"count":3,"href":"https:\/\/radiostudiow.com.br\/site\/wp-json\/wp\/v2\/posts\/42360\/revisions"}],"predecessor-version":[{"id":42373,"href":"https:\/\/radiostudiow.com.br\/site\/wp-json\/wp\/v2\/posts\/42360\/revisions\/42373"}],"wp:featuredmedia":[{"embeddable":true,"href":"https:\/\/radiostudiow.com.br\/site\/wp-json\/wp\/v2\/media\/42367"}],"wp:attachment":[{"href":"https:\/\/radiostudiow.com.br\/site\/wp-json\/wp\/v2\/media?parent=42360"}],"wp:term":[{"taxonomy":"category","embeddable":true,"href":"https:\/\/radiostudiow.com.br\/site\/wp-json\/wp\/v2\/categories?post=42360"},{"taxonomy":"post_tag","embeddable":true,"href":"https:\/\/radiostudiow.com.br\/site\/wp-json\/wp\/v2\/tags?post=42360"}],"curies":[{"name":"wp","href":"https:\/\/api.w.org\/{rel}","templated":true}]}}