{"id":42362,"date":"2025-09-11T17:49:49","date_gmt":"2025-09-11T20:49:49","guid":{"rendered":"https:\/\/radiostudiow.com.br\/site\/?p=42362"},"modified":"2025-09-11T17:49:49","modified_gmt":"2025-09-11T20:49:49","slug":"homem-e-encaminhado-a-policia-por-injuria-em-paulo-frontin","status":"publish","type":"post","link":"https:\/\/radiostudiow.com.br\/site\/2025\/09\/11\/homem-e-encaminhado-a-policia-por-injuria-em-paulo-frontin\/","title":{"rendered":"Homem \u00e9 encaminhado \u00e0 pol\u00edcia por inj\u00faria em Paulo Frontin"},"content":{"rendered":"\n<figure class=\"wp-block-image size-full\"><img loading=\"lazy\" decoding=\"async\" width=\"897\" height=\"204\" src=\"https:\/\/radiostudiow.com.br\/site\/wp-content\/uploads\/2025\/02\/SITE-GRANDE7.png\" alt=\"\" class=\"wp-image-33861\" srcset=\"https:\/\/radiostudiow.com.br\/site\/wp-content\/uploads\/2025\/02\/SITE-GRANDE7.png 897w, https:\/\/radiostudiow.com.br\/site\/wp-content\/uploads\/2025\/02\/SITE-GRANDE7-300x68.png 300w, https:\/\/radiostudiow.com.br\/site\/wp-content\/uploads\/2025\/02\/SITE-GRANDE7-768x175.png 768w\" sizes=\"auto, (max-width: 897px) 100vw, 897px\" \/><\/figure>\n\n\n\n<p>Na tarde de quarta-feira (10), por volta das 15h, a Pol\u00edcia Militar de Paulo Frontin atendeu uma ocorr\u00eancia de inj\u00faria no centro da cidade.<\/p>\n\n\n\n<p>Segundo informa\u00e7\u00f5es da PM, uma mulher acionou a equipe relatando que um homem havia entrado em seu estabelecimento comercial e a insultado com xingamentos.<\/p>\n\n\n\n<p>Os policiais localizaram o suspeito e o conduziram ao destacamento para a confec\u00e7\u00e3o de um Termo Circunstanciado de Infra\u00e7\u00e3o Penal (TCIP). A v\u00edtima manifestou interesse em representar contra o autor, que responder\u00e1 pelo crime de inj\u00faria.<\/p>\n\n\n\n<p>O caso segue para os devidos tr\u00e2mites legais.<\/p>\n\n\n\n<figure class=\"wp-block-image size-full\"><img loading=\"lazy\" decoding=\"async\" width=\"300\" height=\"180\" src=\"https:\/\/radiostudiow.com.br\/site\/wp-content\/uploads\/2025\/04\/AGRODU.png\" alt=\"\" class=\"wp-image-37219\"\/><\/figure>\n","protected":false},"excerpt":{"rendered":"<p>Na tarde de quarta-feira (10), por volta das 15h, a Pol\u00edcia Militar de Paulo Frontin atendeu uma ocorr\u00eancia de inj\u00faria no centro da cidade. Segundo informa\u00e7\u00f5es da PM, uma mulher acionou a equipe relatando que um homem havia entrado em seu estabelecimento comercial e a insultado com xingamentos. Os policiais localizaram o suspeito e o [&hellip;]<\/p>\n","protected":false},"author":2,"featured_media":34756,"comment_status":"open","ping_status":"open","sticky":false,"template":"","format":"standard","meta":{"footnotes":""},"categories":[2],"tags":[172],"class_list":["post-42362","post","type-post","status-publish","format-standard","has-post-thumbnail","hentry","category-policial","tag-featured"],"amp_enabled":true,"_links":{"self":[{"href":"https:\/\/radiostudiow.com.br\/site\/wp-json\/wp\/v2\/posts\/42362","targetHints":{"allow":["GET"]}}],"collection":[{"href":"https:\/\/radiostudiow.com.br\/site\/wp-json\/wp\/v2\/posts"}],"about":[{"href":"https:\/\/radiostudiow.com.br\/site\/wp-json\/wp\/v2\/types\/post"}],"author":[{"embeddable":true,"href":"https:\/\/radiostudiow.com.br\/site\/wp-json\/wp\/v2\/users\/2"}],"replies":[{"embeddable":true,"href":"https:\/\/radiostudiow.com.br\/site\/wp-json\/wp\/v2\/comments?post=42362"}],"version-history":[{"count":1,"href":"https:\/\/radiostudiow.com.br\/site\/wp-json\/wp\/v2\/posts\/42362\/revisions"}],"predecessor-version":[{"id":42363,"href":"https:\/\/radiostudiow.com.br\/site\/wp-json\/wp\/v2\/posts\/42362\/revisions\/42363"}],"wp:featuredmedia":[{"embeddable":true,"href":"https:\/\/radiostudiow.com.br\/site\/wp-json\/wp\/v2\/media\/34756"}],"wp:attachment":[{"href":"https:\/\/radiostudiow.com.br\/site\/wp-json\/wp\/v2\/media?parent=42362"}],"wp:term":[{"taxonomy":"category","embeddable":true,"href":"https:\/\/radiostudiow.com.br\/site\/wp-json\/wp\/v2\/categories?post=42362"},{"taxonomy":"post_tag","embeddable":true,"href":"https:\/\/radiostudiow.com.br\/site\/wp-json\/wp\/v2\/tags?post=42362"}],"curies":[{"name":"wp","href":"https:\/\/api.w.org\/{rel}","templated":true}]}}