{"id":4237,"date":"2021-10-30T08:34:13","date_gmt":"2021-10-30T11:34:13","guid":{"rendered":"https:\/\/radiostudiow.com.br\/site\/?p=4237"},"modified":"2025-01-31T15:12:24","modified_gmt":"2025-01-31T18:12:24","slug":"rapaz-morre-e-irmao-fica-gravemente-ferido-apos-acidente-em-raboucas","status":"publish","type":"post","link":"https:\/\/radiostudiow.com.br\/site\/2021\/10\/30\/rapaz-morre-e-irmao-fica-gravemente-ferido-apos-acidente-em-raboucas\/","title":{"rendered":"Rapaz morre e irm\u00e3o fica gravemente ferido ap\u00f3s acidente em Rebou\u00e7as"},"content":{"rendered":"\n<p>Um tr\u00e1gico acidente aconteceu na tarde desta quinta-feira (28), em Rebou\u00e7as, onde um homem morreu e seu irm\u00e3o ficou ferido em colis\u00e3o de moto contra o portal do munic\u00edpio. Ve\u00edculo chegou a pegar fogo com a viol\u00eancia do impacto.<\/p>\n\n\n\n<p>O seu jovem que estava na garupa foi socorrido com ferimentos graves. \u00c9rico Bataglin, 30 anos, morreu no local.<\/p>\n\n\n\n<p>Equipes do SAMU e Corpo de Bombeiros de Irati prestaram atendimento no local, assim como outros profissionais da \u00e1rea de seguran\u00e7a, mas n\u00e3o foi poss\u00edvel socorrer a v\u00edtima com vida e seu irm\u00e3o de 18 anos foi encaminhado para atendimento m\u00e9dico.<\/p>\n\n\n\n<p>A morte do rapaz causou como\u00e7\u00e3o em Rebou\u00e7as. Mensagens de pesar est\u00e3o sendo postadas em redes sociais lamentando o ocorrido.<\/p>\n\n\n\n<p>O corpo de \u00c9rico ser\u00e1 encaminhado ao IML de Uni\u00e3o da Vit\u00f3ria.<\/p>\n\n\n\n<p><em>Sentimentos da equipe Studio W a fam\u00edlia enlutada.<\/em><\/p>\n\n\n\n<figure class=\"wp-block-image size-full\"><img decoding=\"async\" src=\"https:\/\/radiostudiow.com.br\/site\/wp-content\/uploads\/2021\/08\/240387432_2992083691066122_4820772207429196742_n.jpg\" alt=\"\" class=\"wp-image-3380\"\/><\/figure>\n\n\n\n<figure class=\"wp-block-gallery columns-2 is-cropped wp-block-gallery-1 is-layout-flex wp-block-gallery-is-layout-flex\"><ul class=\"blocks-gallery-grid\"><li class=\"blocks-gallery-item\"><figure><img decoding=\"async\" src=\"https:\/\/radiostudiow.com.br\/site\/wp-content\/uploads\/2021\/10\/242124332_4774832635882731_1931189739274284042_n.jpg\" alt=\"\" data-id=\"4239\" data-full-url=\"https:\/\/radiostudiow.com.br\/site\/wp-content\/uploads\/2021\/10\/242124332_4774832635882731_1931189739274284042_n.jpg\" data-link=\"https:\/\/radiostudiow.com.br\/site\/?attachment_id=4239\" class=\"wp-image-4239\"\/><\/figure><\/li><li class=\"blocks-gallery-item\"><figure><img decoding=\"async\" src=\"https:\/\/radiostudiow.com.br\/site\/wp-content\/uploads\/2021\/10\/250121626_4774832412549420_1286331491672441332_n.jpg\" alt=\"\" data-id=\"4240\" data-full-url=\"https:\/\/radiostudiow.com.br\/site\/wp-content\/uploads\/2021\/10\/250121626_4774832412549420_1286331491672441332_n.jpg\" data-link=\"https:\/\/radiostudiow.com.br\/site\/?attachment_id=4240\" class=\"wp-image-4240\"\/><\/figure><\/li><\/ul><\/figure>\n","protected":false},"excerpt":{"rendered":"<p>Um tr\u00e1gico acidente aconteceu na tarde desta quinta-feira (28), em Rebou\u00e7as, onde um homem morreu e seu irm\u00e3o ficou ferido em colis\u00e3o de moto contra o portal do munic\u00edpio. Ve\u00edculo chegou a pegar fogo com a viol\u00eancia do impacto. O seu jovem que estava na garupa foi socorrido com ferimentos graves. \u00c9rico Bataglin, 30 anos, [&hellip;]<\/p>\n","protected":false},"author":2,"featured_media":0,"comment_status":"open","ping_status":"open","sticky":false,"template":"","format":"standard","meta":{"footnotes":""},"categories":[2],"tags":[172],"class_list":["post-4237","post","type-post","status-publish","format-standard","hentry","category-policial","tag-featured"],"amp_enabled":true,"_links":{"self":[{"href":"https:\/\/radiostudiow.com.br\/site\/wp-json\/wp\/v2\/posts\/4237","targetHints":{"allow":["GET"]}}],"collection":[{"href":"https:\/\/radiostudiow.com.br\/site\/wp-json\/wp\/v2\/posts"}],"about":[{"href":"https:\/\/radiostudiow.com.br\/site\/wp-json\/wp\/v2\/types\/post"}],"author":[{"embeddable":true,"href":"https:\/\/radiostudiow.com.br\/site\/wp-json\/wp\/v2\/users\/2"}],"replies":[{"embeddable":true,"href":"https:\/\/radiostudiow.com.br\/site\/wp-json\/wp\/v2\/comments?post=4237"}],"version-history":[{"count":3,"href":"https:\/\/radiostudiow.com.br\/site\/wp-json\/wp\/v2\/posts\/4237\/revisions"}],"predecessor-version":[{"id":4243,"href":"https:\/\/radiostudiow.com.br\/site\/wp-json\/wp\/v2\/posts\/4237\/revisions\/4243"}],"wp:attachment":[{"href":"https:\/\/radiostudiow.com.br\/site\/wp-json\/wp\/v2\/media?parent=4237"}],"wp:term":[{"taxonomy":"category","embeddable":true,"href":"https:\/\/radiostudiow.com.br\/site\/wp-json\/wp\/v2\/categories?post=4237"},{"taxonomy":"post_tag","embeddable":true,"href":"https:\/\/radiostudiow.com.br\/site\/wp-json\/wp\/v2\/tags?post=4237"}],"curies":[{"name":"wp","href":"https:\/\/api.w.org\/{rel}","templated":true}]}}