{"id":42380,"date":"2025-09-12T10:26:11","date_gmt":"2025-09-12T13:26:11","guid":{"rendered":"https:\/\/radiostudiow.com.br\/site\/?p=42380"},"modified":"2025-09-12T10:26:12","modified_gmt":"2025-09-12T13:26:12","slug":"veiculo-colide-contra-barranco-apos-perder-controle-de-direcao-em-uniao-da-vitoria","status":"publish","type":"post","link":"https:\/\/radiostudiow.com.br\/site\/2025\/09\/12\/veiculo-colide-contra-barranco-apos-perder-controle-de-direcao-em-uniao-da-vitoria\/","title":{"rendered":"Ve\u00edculo colide contra barranco ap\u00f3s perder controle de dire\u00e7\u00e3o em Uni\u00e3o da Vit\u00f3ria"},"content":{"rendered":"\n<p>O Corpo de Bombeiros de Uni\u00e3o da Vit\u00f3ria foi acionado para atender a um acidente de tr\u00e2nsito do tipo sa\u00edda de pista por volta das 05h23min desta sexta-feira (12).<\/p>\n\n\n\n<p>Um ve\u00edculo VW Paraty cinza, com placas de Porto Uni\u00e3o, saiu da pista e colidiu contra um barranco na Rodovia Jo\u00e3o Paulo Reolon sentido Bairro S\u00e3o Gabriel, cerca de 500 metros ap\u00f3s a faculdade UGV.<\/p>\n\n\n\n<figure class=\"wp-block-image size-full\"><img loading=\"lazy\" decoding=\"async\" width=\"897\" height=\"207\" src=\"https:\/\/radiostudiow.com.br\/site\/wp-content\/uploads\/2025\/07\/TIJOLAO.png\" alt=\"\" class=\"wp-image-40184\" srcset=\"https:\/\/radiostudiow.com.br\/site\/wp-content\/uploads\/2025\/07\/TIJOLAO.png 897w, https:\/\/radiostudiow.com.br\/site\/wp-content\/uploads\/2025\/07\/TIJOLAO-300x69.png 300w, https:\/\/radiostudiow.com.br\/site\/wp-content\/uploads\/2025\/07\/TIJOLAO-768x177.png 768w\" sizes=\"auto, (max-width: 897px) 100vw, 897px\" \/><\/figure>\n\n\n\n<p>Um homem foi socorrido apresentando ferimentos considerados leves.<\/p>\n\n\n\n<p>A equipe da Pol\u00edcia Rodovi\u00e1ria Estadual esteve na ocorr\u00eancia confeccionando o boletim, enquanto o tr\u00e2nsito permaneceu em meia pista at\u00e9 a remo\u00e7\u00e3o do ve\u00edculo para o acostamento.<\/p>\n","protected":false},"excerpt":{"rendered":"<p>O Corpo de Bombeiros de Uni\u00e3o da Vit\u00f3ria foi acionado para atender a um acidente de tr\u00e2nsito do tipo sa\u00edda de pista por volta das 05h23min desta sexta-feira (12). Um ve\u00edculo VW Paraty cinza, com placas de Porto Uni\u00e3o, saiu da pista e colidiu contra um barranco na Rodovia Jo\u00e3o Paulo Reolon sentido Bairro S\u00e3o [&hellip;]<\/p>\n","protected":false},"author":2,"featured_media":42381,"comment_status":"open","ping_status":"open","sticky":false,"template":"","format":"standard","meta":{"footnotes":""},"categories":[2],"tags":[172],"class_list":["post-42380","post","type-post","status-publish","format-standard","has-post-thumbnail","hentry","category-policial","tag-featured"],"amp_enabled":true,"_links":{"self":[{"href":"https:\/\/radiostudiow.com.br\/site\/wp-json\/wp\/v2\/posts\/42380","targetHints":{"allow":["GET"]}}],"collection":[{"href":"https:\/\/radiostudiow.com.br\/site\/wp-json\/wp\/v2\/posts"}],"about":[{"href":"https:\/\/radiostudiow.com.br\/site\/wp-json\/wp\/v2\/types\/post"}],"author":[{"embeddable":true,"href":"https:\/\/radiostudiow.com.br\/site\/wp-json\/wp\/v2\/users\/2"}],"replies":[{"embeddable":true,"href":"https:\/\/radiostudiow.com.br\/site\/wp-json\/wp\/v2\/comments?post=42380"}],"version-history":[{"count":1,"href":"https:\/\/radiostudiow.com.br\/site\/wp-json\/wp\/v2\/posts\/42380\/revisions"}],"predecessor-version":[{"id":42382,"href":"https:\/\/radiostudiow.com.br\/site\/wp-json\/wp\/v2\/posts\/42380\/revisions\/42382"}],"wp:featuredmedia":[{"embeddable":true,"href":"https:\/\/radiostudiow.com.br\/site\/wp-json\/wp\/v2\/media\/42381"}],"wp:attachment":[{"href":"https:\/\/radiostudiow.com.br\/site\/wp-json\/wp\/v2\/media?parent=42380"}],"wp:term":[{"taxonomy":"category","embeddable":true,"href":"https:\/\/radiostudiow.com.br\/site\/wp-json\/wp\/v2\/categories?post=42380"},{"taxonomy":"post_tag","embeddable":true,"href":"https:\/\/radiostudiow.com.br\/site\/wp-json\/wp\/v2\/tags?post=42380"}],"curies":[{"name":"wp","href":"https:\/\/api.w.org\/{rel}","templated":true}]}}