{"id":42387,"date":"2025-09-12T10:58:18","date_gmt":"2025-09-12T13:58:18","guid":{"rendered":"https:\/\/radiostudiow.com.br\/site\/?p=42387"},"modified":"2025-09-12T10:58:18","modified_gmt":"2025-09-12T13:58:18","slug":"acao-policial-resulta-na-apreensao-de-drogas-em-uniao-da-vitoria","status":"publish","type":"post","link":"https:\/\/radiostudiow.com.br\/site\/2025\/09\/12\/acao-policial-resulta-na-apreensao-de-drogas-em-uniao-da-vitoria\/","title":{"rendered":"A\u00e7\u00e3o Policial resulta na apreens\u00e3o de drogas em Uni\u00e3o da Vit\u00f3ria"},"content":{"rendered":"\n<figure class=\"wp-block-image size-full\"><img loading=\"lazy\" decoding=\"async\" width=\"897\" height=\"204\" src=\"https:\/\/radiostudiow.com.br\/site\/wp-content\/uploads\/2025\/01\/SITE-GRANDE3.png\" alt=\"\" class=\"wp-image-32900\" srcset=\"https:\/\/radiostudiow.com.br\/site\/wp-content\/uploads\/2025\/01\/SITE-GRANDE3.png 897w, https:\/\/radiostudiow.com.br\/site\/wp-content\/uploads\/2025\/01\/SITE-GRANDE3-300x68.png 300w, https:\/\/radiostudiow.com.br\/site\/wp-content\/uploads\/2025\/01\/SITE-GRANDE3-768x175.png 768w\" sizes=\"auto, (max-width: 897px) 100vw, 897px\" \/><\/figure>\n\n\n\n<p>Durante patrulhamento da equipe da Pol\u00edcia Militar de Uni\u00e3o da Vit\u00f3ria na Avenida Andr\u00e9 Juck, no bairro Limeira, abordou um homem em atitude suspeita.<\/p>\n\n\n\n<p>Durante a revista pessoal, foi localizada uma por\u00e7\u00e3o de subst\u00e2ncia an\u00e1loga \u00e0 maconha. O caso foi registrado por volta das 20 horas dessa quinta-feira, 11 de setembro, <\/p>\n\n\n\n<p>Diante da situa\u00e7\u00e3o, o masculino foi encaminhado ao cart\u00f3rio do 27\u00b0 BPM para os procedimentos legais.<\/p>\n\n\n\n<p><\/p>\n","protected":false},"excerpt":{"rendered":"<p>Durante patrulhamento da equipe da Pol\u00edcia Militar de Uni\u00e3o da Vit\u00f3ria na Avenida Andr\u00e9 Juck, no bairro Limeira, abordou um homem em atitude suspeita. Durante a revista pessoal, foi localizada uma por\u00e7\u00e3o de subst\u00e2ncia an\u00e1loga \u00e0 maconha. O caso foi registrado por volta das 20 horas dessa quinta-feira, 11 de setembro, Diante da situa\u00e7\u00e3o, o [&hellip;]<\/p>\n","protected":false},"author":2,"featured_media":19871,"comment_status":"open","ping_status":"open","sticky":false,"template":"","format":"standard","meta":{"footnotes":""},"categories":[2],"tags":[172],"class_list":["post-42387","post","type-post","status-publish","format-standard","has-post-thumbnail","hentry","category-policial","tag-featured"],"amp_enabled":true,"_links":{"self":[{"href":"https:\/\/radiostudiow.com.br\/site\/wp-json\/wp\/v2\/posts\/42387","targetHints":{"allow":["GET"]}}],"collection":[{"href":"https:\/\/radiostudiow.com.br\/site\/wp-json\/wp\/v2\/posts"}],"about":[{"href":"https:\/\/radiostudiow.com.br\/site\/wp-json\/wp\/v2\/types\/post"}],"author":[{"embeddable":true,"href":"https:\/\/radiostudiow.com.br\/site\/wp-json\/wp\/v2\/users\/2"}],"replies":[{"embeddable":true,"href":"https:\/\/radiostudiow.com.br\/site\/wp-json\/wp\/v2\/comments?post=42387"}],"version-history":[{"count":1,"href":"https:\/\/radiostudiow.com.br\/site\/wp-json\/wp\/v2\/posts\/42387\/revisions"}],"predecessor-version":[{"id":42388,"href":"https:\/\/radiostudiow.com.br\/site\/wp-json\/wp\/v2\/posts\/42387\/revisions\/42388"}],"wp:featuredmedia":[{"embeddable":true,"href":"https:\/\/radiostudiow.com.br\/site\/wp-json\/wp\/v2\/media\/19871"}],"wp:attachment":[{"href":"https:\/\/radiostudiow.com.br\/site\/wp-json\/wp\/v2\/media?parent=42387"}],"wp:term":[{"taxonomy":"category","embeddable":true,"href":"https:\/\/radiostudiow.com.br\/site\/wp-json\/wp\/v2\/categories?post=42387"},{"taxonomy":"post_tag","embeddable":true,"href":"https:\/\/radiostudiow.com.br\/site\/wp-json\/wp\/v2\/tags?post=42387"}],"curies":[{"name":"wp","href":"https:\/\/api.w.org\/{rel}","templated":true}]}}