{"id":42389,"date":"2025-09-12T11:04:48","date_gmt":"2025-09-12T14:04:48","guid":{"rendered":"https:\/\/radiostudiow.com.br\/site\/?p=42389"},"modified":"2025-09-12T11:41:13","modified_gmt":"2025-09-12T14:41:13","slug":"acao-policial-resulta-em-apreensao-de-drogas-no-bairro-limeira-e-em-sao-cristovao","status":"publish","type":"post","link":"https:\/\/radiostudiow.com.br\/site\/2025\/09\/12\/acao-policial-resulta-em-apreensao-de-drogas-no-bairro-limeira-e-em-sao-cristovao\/","title":{"rendered":"Pol\u00edcia Militar apreende droga e prende homem em Uni\u00e3o da Vit\u00f3ria"},"content":{"rendered":"\n<figure class=\"wp-block-image size-full\"><img loading=\"lazy\" decoding=\"async\" width=\"897\" height=\"204\" src=\"https:\/\/radiostudiow.com.br\/site\/wp-content\/uploads\/2025\/06\/BARROS.png\" alt=\"\" class=\"wp-image-39575\" srcset=\"https:\/\/radiostudiow.com.br\/site\/wp-content\/uploads\/2025\/06\/BARROS.png 897w, https:\/\/radiostudiow.com.br\/site\/wp-content\/uploads\/2025\/06\/BARROS-300x68.png 300w, https:\/\/radiostudiow.com.br\/site\/wp-content\/uploads\/2025\/06\/BARROS-768x175.png 768w\" sizes=\"auto, (max-width: 897px) 100vw, 897px\" \/><\/figure>\n\n\n\n<p><a href=\"https:\/\/www.facebook.com\/sharer.php?u=https%3A%2F%2Fcanal4.tv.br%2F2025%2F09%2F12%2Facao-policial-resulta-em-apreensao-de-drogas-no-bairro-limeira-e-em-sao-cristovao%2F%3Ffbclid%3DIwY2xjawMxBnBleHRuA2FlbQIxMQABHvqYIFNk2RfolOfhYfW6ptM7HH3RvIG5KpJ379Le_zWTWnbG8wAVtuXmv8L9_aem_eW9w7sSJkwGPLHk7jLs1aQ\" target=\"_blank\" rel=\"noreferrer noopener\"><\/a><\/p>\n\n\n\n<p>A equipe da Pol\u00edcia Militar de Uni\u00e3o da Vit\u00f3ria realizouuma pris\u00e3o por volta das 11h20min nessa quinta-feira, 11 de setembro, no  Distrito de S\u00e3o Crist\u00f3v\u00e3o.<\/p>\n\n\n\n<p>Durante patrulhamento na Avenida Paula Freitas, os policiais abordaram tr\u00eas indiv\u00edduos, em revista pessoal foi encontrado certa quantia de subst\u00e2ncia an\u00e1loga \u00e0 maconha, al\u00e9m de um cigarro da mesma droga.<\/p>\n\n\n\n<p>O autor recebeu voz de pris\u00e3o e foi conduzido ao 27\u00b0 BPM para os procedimentos cab\u00edveis.<\/p>\n\n\n\n<p><a href=\"javascript:void(0);\"><\/a><\/p>\n","protected":false},"excerpt":{"rendered":"<p>A equipe da Pol\u00edcia Militar de Uni\u00e3o da Vit\u00f3ria realizouuma pris\u00e3o por volta das 11h20min nessa quinta-feira, 11 de setembro, no Distrito de S\u00e3o Crist\u00f3v\u00e3o. Durante patrulhamento na Avenida Paula Freitas, os policiais abordaram tr\u00eas indiv\u00edduos, em revista pessoal foi encontrado certa quantia de subst\u00e2ncia an\u00e1loga \u00e0 maconha, al\u00e9m de um cigarro da mesma droga. [&hellip;]<\/p>\n","protected":false},"author":2,"featured_media":33000,"comment_status":"open","ping_status":"open","sticky":false,"template":"","format":"standard","meta":{"footnotes":""},"categories":[2],"tags":[172],"class_list":["post-42389","post","type-post","status-publish","format-standard","has-post-thumbnail","hentry","category-policial","tag-featured"],"amp_enabled":true,"_links":{"self":[{"href":"https:\/\/radiostudiow.com.br\/site\/wp-json\/wp\/v2\/posts\/42389","targetHints":{"allow":["GET"]}}],"collection":[{"href":"https:\/\/radiostudiow.com.br\/site\/wp-json\/wp\/v2\/posts"}],"about":[{"href":"https:\/\/radiostudiow.com.br\/site\/wp-json\/wp\/v2\/types\/post"}],"author":[{"embeddable":true,"href":"https:\/\/radiostudiow.com.br\/site\/wp-json\/wp\/v2\/users\/2"}],"replies":[{"embeddable":true,"href":"https:\/\/radiostudiow.com.br\/site\/wp-json\/wp\/v2\/comments?post=42389"}],"version-history":[{"count":2,"href":"https:\/\/radiostudiow.com.br\/site\/wp-json\/wp\/v2\/posts\/42389\/revisions"}],"predecessor-version":[{"id":42396,"href":"https:\/\/radiostudiow.com.br\/site\/wp-json\/wp\/v2\/posts\/42389\/revisions\/42396"}],"wp:featuredmedia":[{"embeddable":true,"href":"https:\/\/radiostudiow.com.br\/site\/wp-json\/wp\/v2\/media\/33000"}],"wp:attachment":[{"href":"https:\/\/radiostudiow.com.br\/site\/wp-json\/wp\/v2\/media?parent=42389"}],"wp:term":[{"taxonomy":"category","embeddable":true,"href":"https:\/\/radiostudiow.com.br\/site\/wp-json\/wp\/v2\/categories?post=42389"},{"taxonomy":"post_tag","embeddable":true,"href":"https:\/\/radiostudiow.com.br\/site\/wp-json\/wp\/v2\/tags?post=42389"}],"curies":[{"name":"wp","href":"https:\/\/api.w.org\/{rel}","templated":true}]}}