{"id":4246,"date":"2021-10-30T09:57:56","date_gmt":"2021-10-30T12:57:56","guid":{"rendered":"https:\/\/radiostudiow.com.br\/site\/?p=4246"},"modified":"2025-01-31T15:12:24","modified_gmt":"2025-01-31T18:12:24","slug":"homem-tenta-atear-fogo-em-residencia-de-mallet","status":"publish","type":"post","link":"https:\/\/radiostudiow.com.br\/site\/2021\/10\/30\/homem-tenta-atear-fogo-em-residencia-de-mallet\/","title":{"rendered":"Homem tenta atear fogo em resid\u00eancia de Mallet"},"content":{"rendered":"\n<p>Moradora da Vila Lopacinski da cidade de Mallet relatou para a equipe da Pol\u00edcia Militar uma situa\u00e7\u00e3o de dano por volta das 22:00 horas dessa sexta \u2013 feira (29). De acordo com a solicitante, seu vizinho lhe amea\u00e7ou e tentou atear fogo na sua resid\u00eancia.<\/p>\n\n\n\n<p>A equipe policial se deslocou at\u00e9 o endere\u00e7o e conversou com a moradora, a qual relatou que seu vizinho invadiu sua resid\u00eancia e ap\u00f3s ser expulso pelos moradores ateou fogo num sof\u00e1 velho que ficava na parte externa da resid\u00eancia e fugiu rumo ignorado.<\/p>\n\n\n\n<p>Diante das informa\u00e7\u00f5es a equipe realizou patrulhamento na regi\u00e3o e foi at\u00e9 resid\u00eancia do autor, por\u00e9m, n\u00e3o localizou o mesmo.<\/p>\n\n\n\n<p>A solicitante foi orientada pelos policiais quanto \u00e0s medidas cab\u00edveis.<\/p>\n\n\n\n<figure class=\"wp-block-image size-full\"><img decoding=\"async\" src=\"https:\/\/radiostudiow.com.br\/site\/wp-content\/uploads\/2021\/10\/Sicredi-Campanha-Triade_02.png\" alt=\"\" class=\"wp-image-4021\"\/><\/figure>\n","protected":false},"excerpt":{"rendered":"<p>Moradora da Vila Lopacinski da cidade de Mallet relatou para a equipe da Pol\u00edcia Militar uma situa\u00e7\u00e3o de dano por volta das 22:00 horas dessa sexta \u2013 feira (29). De acordo com a solicitante, seu vizinho lhe amea\u00e7ou e tentou atear fogo na sua resid\u00eancia. A equipe policial se deslocou at\u00e9 o endere\u00e7o e conversou [&hellip;]<\/p>\n","protected":false},"author":2,"featured_media":4095,"comment_status":"open","ping_status":"open","sticky":false,"template":"","format":"standard","meta":{"footnotes":""},"categories":[2],"tags":[172],"class_list":["post-4246","post","type-post","status-publish","format-standard","has-post-thumbnail","hentry","category-policial","tag-featured"],"amp_enabled":true,"_links":{"self":[{"href":"https:\/\/radiostudiow.com.br\/site\/wp-json\/wp\/v2\/posts\/4246","targetHints":{"allow":["GET"]}}],"collection":[{"href":"https:\/\/radiostudiow.com.br\/site\/wp-json\/wp\/v2\/posts"}],"about":[{"href":"https:\/\/radiostudiow.com.br\/site\/wp-json\/wp\/v2\/types\/post"}],"author":[{"embeddable":true,"href":"https:\/\/radiostudiow.com.br\/site\/wp-json\/wp\/v2\/users\/2"}],"replies":[{"embeddable":true,"href":"https:\/\/radiostudiow.com.br\/site\/wp-json\/wp\/v2\/comments?post=4246"}],"version-history":[{"count":1,"href":"https:\/\/radiostudiow.com.br\/site\/wp-json\/wp\/v2\/posts\/4246\/revisions"}],"predecessor-version":[{"id":4247,"href":"https:\/\/radiostudiow.com.br\/site\/wp-json\/wp\/v2\/posts\/4246\/revisions\/4247"}],"wp:featuredmedia":[{"embeddable":true,"href":"https:\/\/radiostudiow.com.br\/site\/wp-json\/wp\/v2\/media\/4095"}],"wp:attachment":[{"href":"https:\/\/radiostudiow.com.br\/site\/wp-json\/wp\/v2\/media?parent=4246"}],"wp:term":[{"taxonomy":"category","embeddable":true,"href":"https:\/\/radiostudiow.com.br\/site\/wp-json\/wp\/v2\/categories?post=4246"},{"taxonomy":"post_tag","embeddable":true,"href":"https:\/\/radiostudiow.com.br\/site\/wp-json\/wp\/v2\/tags?post=4246"}],"curies":[{"name":"wp","href":"https:\/\/api.w.org\/{rel}","templated":true}]}}