{"id":42488,"date":"2025-09-15T16:34:18","date_gmt":"2025-09-15T19:34:18","guid":{"rendered":"https:\/\/radiostudiow.com.br\/site\/?p=42488"},"modified":"2025-09-15T17:01:28","modified_gmt":"2025-09-15T20:01:28","slug":"policia-militar-investiga-disparos-durante-festa-de-casamento-em-rio-azul","status":"publish","type":"post","link":"https:\/\/radiostudiow.com.br\/site\/2025\/09\/15\/policia-militar-investiga-disparos-durante-festa-de-casamento-em-rio-azul\/","title":{"rendered":"Pol\u00edcia Militar investiga disparos durante festa de casamento em Rio Azul"},"content":{"rendered":"\n<figure class=\"wp-block-image size-full\"><img loading=\"lazy\" decoding=\"async\" width=\"598\" height=\"204\" src=\"https:\/\/radiostudiow.com.br\/site\/wp-content\/uploads\/2025\/04\/BOROX.png\" alt=\"\" class=\"wp-image-37229\" srcset=\"https:\/\/radiostudiow.com.br\/site\/wp-content\/uploads\/2025\/04\/BOROX.png 598w, https:\/\/radiostudiow.com.br\/site\/wp-content\/uploads\/2025\/04\/BOROX-300x102.png 300w\" sizes=\"auto, (max-width: 598px) 100vw, 598px\" \/><\/figure>\n\n\n\n<p class=\"has-text-align-center\"><em>Colabora\u00e7\u00e3o Rep\u00f3rter Kiko de Oliveira<\/em><\/p>\n\n\n\n<p>A Pol\u00edcia Militar de Rio Azul foi acionada por volta das 17h35 deste domingo (14) para atender uma ocorr\u00eancia de disparo de arma de fogo na localidade de Rio Azul dos Soares. Segundo a den\u00fancia, um homem entrou em um sal\u00e3o onde ocorria uma festa de casamento e realizou diversos disparos.<\/p>\n\n\n\n<p>De acordo com o boletim de ocorr\u00eancia, testemunhas relataram que o indiv\u00edduo efetuou ao menos um disparo dentro do sal\u00e3o e, em seguida, outros tiros no estacionamento. Ningu\u00e9m ficou ferido.<\/p>\n\n\n\n<figure class=\"wp-block-gallery has-nested-images columns-default is-cropped wp-block-gallery-1 is-layout-flex wp-block-gallery-is-layout-flex\">\n<figure class=\"wp-block-image size-large\"><img loading=\"lazy\" decoding=\"async\" width=\"300\" height=\"180\" data-id=\"38684\" src=\"https:\/\/radiostudiow.com.br\/site\/wp-content\/uploads\/2025\/05\/SITE-PEQUENO.jpg\" alt=\"\" class=\"wp-image-38684\"\/><\/figure>\n\n\n\n<figure class=\"wp-block-image size-large\"><img loading=\"lazy\" decoding=\"async\" width=\"300\" height=\"180\" data-id=\"38014\" src=\"https:\/\/radiostudiow.com.br\/site\/wp-content\/uploads\/2025\/05\/VANE.png\" alt=\"\" class=\"wp-image-38014\"\/><\/figure>\n<\/figure>\n\n\n\n<p>Os presentes n\u00e3o souberam fornecer caracter\u00edsticas do autor nem indicar a dire\u00e7\u00e3o que ele tomou ap\u00f3s o crime. A falta de informa\u00e7\u00f5es dificultou as buscas imediatas.<\/p>\n\n\n\n<p>A PM registrou a ocorr\u00eancia e segue investigando para identificar o respons\u00e1vel pelos disparos. Quem tiver informa\u00e7\u00f5es que possam ajudar na apura\u00e7\u00e3o do caso pode acionar a Pol\u00edcia Militar pelo telefone 190.<\/p>\n\n\n\n<p class=\"has-text-align-center\"><em>Colabora\u00e7\u00e3o Rep\u00f3rter Kiko de Oliveira<\/em><\/p>\n\n\n\n<p><\/p>\n","protected":false},"excerpt":{"rendered":"<p>Colabora\u00e7\u00e3o Rep\u00f3rter Kiko de Oliveira A Pol\u00edcia Militar de Rio Azul foi acionada por volta das 17h35 deste domingo (14) para atender uma ocorr\u00eancia de disparo de arma de fogo na localidade de Rio Azul dos Soares. Segundo a den\u00fancia, um homem entrou em um sal\u00e3o onde ocorria uma festa de casamento e realizou diversos [&hellip;]<\/p>\n","protected":false},"author":2,"featured_media":35301,"comment_status":"open","ping_status":"open","sticky":false,"template":"","format":"standard","meta":{"footnotes":""},"categories":[2],"tags":[172],"class_list":["post-42488","post","type-post","status-publish","format-standard","has-post-thumbnail","hentry","category-policial","tag-featured"],"amp_enabled":true,"_links":{"self":[{"href":"https:\/\/radiostudiow.com.br\/site\/wp-json\/wp\/v2\/posts\/42488","targetHints":{"allow":["GET"]}}],"collection":[{"href":"https:\/\/radiostudiow.com.br\/site\/wp-json\/wp\/v2\/posts"}],"about":[{"href":"https:\/\/radiostudiow.com.br\/site\/wp-json\/wp\/v2\/types\/post"}],"author":[{"embeddable":true,"href":"https:\/\/radiostudiow.com.br\/site\/wp-json\/wp\/v2\/users\/2"}],"replies":[{"embeddable":true,"href":"https:\/\/radiostudiow.com.br\/site\/wp-json\/wp\/v2\/comments?post=42488"}],"version-history":[{"count":2,"href":"https:\/\/radiostudiow.com.br\/site\/wp-json\/wp\/v2\/posts\/42488\/revisions"}],"predecessor-version":[{"id":42507,"href":"https:\/\/radiostudiow.com.br\/site\/wp-json\/wp\/v2\/posts\/42488\/revisions\/42507"}],"wp:featuredmedia":[{"embeddable":true,"href":"https:\/\/radiostudiow.com.br\/site\/wp-json\/wp\/v2\/media\/35301"}],"wp:attachment":[{"href":"https:\/\/radiostudiow.com.br\/site\/wp-json\/wp\/v2\/media?parent=42488"}],"wp:term":[{"taxonomy":"category","embeddable":true,"href":"https:\/\/radiostudiow.com.br\/site\/wp-json\/wp\/v2\/categories?post=42488"},{"taxonomy":"post_tag","embeddable":true,"href":"https:\/\/radiostudiow.com.br\/site\/wp-json\/wp\/v2\/tags?post=42488"}],"curies":[{"name":"wp","href":"https:\/\/api.w.org\/{rel}","templated":true}]}}