{"id":42494,"date":"2025-09-15T16:52:46","date_gmt":"2025-09-15T19:52:46","guid":{"rendered":"https:\/\/radiostudiow.com.br\/site\/?p=42494"},"modified":"2025-09-15T16:52:46","modified_gmt":"2025-09-15T19:52:46","slug":"homem-e-preso-apos-incendiar-casa-de-ex-companheira-em-sao-mateus-do-sul","status":"publish","type":"post","link":"https:\/\/radiostudiow.com.br\/site\/2025\/09\/15\/homem-e-preso-apos-incendiar-casa-de-ex-companheira-em-sao-mateus-do-sul\/","title":{"rendered":"Homem \u00e9 preso ap\u00f3s incendiar casa de ex-companheira em S\u00e3o Mateus do Sul"},"content":{"rendered":"\n<p class=\"has-text-align-center\"><em>Fonte:<a href=\"https:\/\/www.facebook.com\/profile.php?id=61560662931135\"> Assis O Rep\u00f3rter\u00a0<\/a>\/ 27\u00ba BPM \/ Imagem: Reprodu\u00e7\u00e3o\/Samas Sul Lista<\/em><\/p>\n\n\n\n<p>Na tarde de domingo (14), por volta das 17h30, a Pol\u00edcia Militar foi acionada para atender uma ocorr\u00eancia de inc\u00eandio no centro de S\u00e3o Mateus do Sul.<\/p>\n\n\n\n<p><a><\/a>Segundo informa\u00e7\u00f5es, um homem ateou fogo na resid\u00eancia onde morava sua ex-companheira. O suspeito foi encontrado ainda no local e confessou o crime, afirmando n\u00e3o aceitar o fim do relacionamento.<\/p>\n\n\n\n<figure class=\"wp-block-image size-full\"><img loading=\"lazy\" decoding=\"async\" width=\"598\" height=\"204\" src=\"https:\/\/radiostudiow.com.br\/site\/wp-content\/uploads\/2024\/01\/SITE-MEDIO.png\" alt=\"\" class=\"wp-image-18916\" srcset=\"https:\/\/radiostudiow.com.br\/site\/wp-content\/uploads\/2024\/01\/SITE-MEDIO.png 598w, https:\/\/radiostudiow.com.br\/site\/wp-content\/uploads\/2024\/01\/SITE-MEDIO-300x102.png 300w\" sizes=\"auto, (max-width: 598px) 100vw, 598px\" \/><\/figure>\n\n\n\n<p>A v\u00edtima conseguiu sair da casa antes que as chamas se espalhassem e buscou abrigo em uma resid\u00eancia pr\u00f3xima. O Corpo de Bombeiros foi acionado e controlou o inc\u00eandio.<\/p>\n\n\n\n<p>O autor foi encaminhado inicialmente \u00e0 Unidade de Pronto Atendimento e, em seguida, conduzido \u00e0 delegacia, onde ficou \u00e0 disposi\u00e7\u00e3o da Autoridade Policial.<\/p>\n","protected":false},"excerpt":{"rendered":"<p>Fonte: Assis O Rep\u00f3rter\u00a0\/ 27\u00ba BPM \/ Imagem: Reprodu\u00e7\u00e3o\/Samas Sul Lista Na tarde de domingo (14), por volta das 17h30, a Pol\u00edcia Militar foi acionada para atender uma ocorr\u00eancia de inc\u00eandio no centro de S\u00e3o Mateus do Sul. Segundo informa\u00e7\u00f5es, um homem ateou fogo na resid\u00eancia onde morava sua ex-companheira. O suspeito foi encontrado ainda [&hellip;]<\/p>\n","protected":false},"author":2,"featured_media":42495,"comment_status":"open","ping_status":"open","sticky":false,"template":"","format":"standard","meta":{"footnotes":""},"categories":[2],"tags":[172],"class_list":["post-42494","post","type-post","status-publish","format-standard","has-post-thumbnail","hentry","category-policial","tag-featured"],"amp_enabled":true,"_links":{"self":[{"href":"https:\/\/radiostudiow.com.br\/site\/wp-json\/wp\/v2\/posts\/42494","targetHints":{"allow":["GET"]}}],"collection":[{"href":"https:\/\/radiostudiow.com.br\/site\/wp-json\/wp\/v2\/posts"}],"about":[{"href":"https:\/\/radiostudiow.com.br\/site\/wp-json\/wp\/v2\/types\/post"}],"author":[{"embeddable":true,"href":"https:\/\/radiostudiow.com.br\/site\/wp-json\/wp\/v2\/users\/2"}],"replies":[{"embeddable":true,"href":"https:\/\/radiostudiow.com.br\/site\/wp-json\/wp\/v2\/comments?post=42494"}],"version-history":[{"count":3,"href":"https:\/\/radiostudiow.com.br\/site\/wp-json\/wp\/v2\/posts\/42494\/revisions"}],"predecessor-version":[{"id":42501,"href":"https:\/\/radiostudiow.com.br\/site\/wp-json\/wp\/v2\/posts\/42494\/revisions\/42501"}],"wp:featuredmedia":[{"embeddable":true,"href":"https:\/\/radiostudiow.com.br\/site\/wp-json\/wp\/v2\/media\/42495"}],"wp:attachment":[{"href":"https:\/\/radiostudiow.com.br\/site\/wp-json\/wp\/v2\/media?parent=42494"}],"wp:term":[{"taxonomy":"category","embeddable":true,"href":"https:\/\/radiostudiow.com.br\/site\/wp-json\/wp\/v2\/categories?post=42494"},{"taxonomy":"post_tag","embeddable":true,"href":"https:\/\/radiostudiow.com.br\/site\/wp-json\/wp\/v2\/tags?post=42494"}],"curies":[{"name":"wp","href":"https:\/\/api.w.org\/{rel}","templated":true}]}}