{"id":42497,"date":"2025-09-15T16:49:26","date_gmt":"2025-09-15T19:49:26","guid":{"rendered":"https:\/\/radiostudiow.com.br\/site\/?p=42497"},"modified":"2025-09-15T17:01:50","modified_gmt":"2025-09-15T20:01:50","slug":"homem-e-detido-por-violencia-domestica-apos-agredir-esposa-em-rio-azul","status":"publish","type":"post","link":"https:\/\/radiostudiow.com.br\/site\/2025\/09\/15\/homem-e-detido-por-violencia-domestica-apos-agredir-esposa-em-rio-azul\/","title":{"rendered":"Homem \u00e9 detido por viol\u00eancia dom\u00e9stica ap\u00f3s agredir esposa em Rio Azul"},"content":{"rendered":"\n<figure class=\"wp-block-image size-full\"><img loading=\"lazy\" decoding=\"async\" width=\"897\" height=\"204\" src=\"https:\/\/radiostudiow.com.br\/site\/wp-content\/uploads\/2025\/03\/image-62.png\" alt=\"\" class=\"wp-image-35859\" srcset=\"https:\/\/radiostudiow.com.br\/site\/wp-content\/uploads\/2025\/03\/image-62.png 897w, https:\/\/radiostudiow.com.br\/site\/wp-content\/uploads\/2025\/03\/image-62-300x68.png 300w, https:\/\/radiostudiow.com.br\/site\/wp-content\/uploads\/2025\/03\/image-62-768x175.png 768w\" sizes=\"auto, (max-width: 897px) 100vw, 897px\" \/><\/figure>\n\n\n\n<p class=\"has-text-align-center\"><em>Colabora\u00e7\u00e3o Rep\u00f3rter Kiko de Oliveira<\/em><\/p>\n\n\n\n<p>A Pol\u00edcia Militar de Rio azul, atendeu na noite de domingo (14), uma ocorr\u00eancia de viol\u00eancia dom\u00e9stica que terminou com um homem detido por agredir a esposa no munic\u00edpio. O caso foi registrado por volta das 23h20, ap\u00f3s o filho do casal acionar a equipe policial.<\/p>\n\n\n\n<p>Segundo o boletim de ocorr\u00eancia, o solicitante relatou que o pai chegou em casa embriagado, por volta das 22h, e passou a agredir a m\u00e3e com chutes e empurr\u00f5es. O filho interveio para conter o agressor, evitando que a situa\u00e7\u00e3o se agravasse.<\/p>\n\n\n\n<figure class=\"wp-block-gallery has-nested-images columns-default is-cropped wp-block-gallery-1 is-layout-flex wp-block-gallery-is-layout-flex\">\n<figure class=\"wp-block-image size-large\"><img loading=\"lazy\" decoding=\"async\" width=\"300\" height=\"180\" data-id=\"39582\" src=\"https:\/\/radiostudiow.com.br\/site\/wp-content\/uploads\/2025\/06\/PLAY-HALL.png\" alt=\"\" class=\"wp-image-39582\"\/><\/figure>\n\n\n\n<figure class=\"wp-block-image size-large\"><img loading=\"lazy\" decoding=\"async\" width=\"300\" height=\"180\" data-id=\"37219\" src=\"https:\/\/radiostudiow.com.br\/site\/wp-content\/uploads\/2025\/04\/AGRODU.png\" alt=\"\" class=\"wp-image-37219\"\/><\/figure>\n<\/figure>\n\n\n\n<p>Quando os policiais chegaram, a v\u00edtima confirmou as agress\u00f5es. O homem, visivelmente embriagado e com ferimentos na face e nos bra\u00e7os \u2014 provocados durante a interven\u00e7\u00e3o do filho \u2014, apresentava dificuldade para falar.<\/p>\n\n\n\n<p>A equipe conduziu todos os envolvidos para exame de corpo de delito e, em seguida, para a Delegacia de Pol\u00edcia Civil de Irati, onde o caso foi formalizado e segue em investiga\u00e7\u00e3o.<\/p>\n\n\n\n<p class=\"has-text-align-center\"><em>Colabora\u00e7\u00e3o Rep\u00f3rter Kiko de Oliveira<\/em><\/p>\n","protected":false},"excerpt":{"rendered":"<p>Colabora\u00e7\u00e3o Rep\u00f3rter Kiko de Oliveira A Pol\u00edcia Militar de Rio azul, atendeu na noite de domingo (14), uma ocorr\u00eancia de viol\u00eancia dom\u00e9stica que terminou com um homem detido por agredir a esposa no munic\u00edpio. O caso foi registrado por volta das 23h20, ap\u00f3s o filho do casal acionar a equipe policial. Segundo o boletim de [&hellip;]<\/p>\n","protected":false},"author":2,"featured_media":35305,"comment_status":"open","ping_status":"open","sticky":false,"template":"","format":"standard","meta":{"footnotes":""},"categories":[2],"tags":[172],"class_list":["post-42497","post","type-post","status-publish","format-standard","has-post-thumbnail","hentry","category-policial","tag-featured"],"amp_enabled":true,"_links":{"self":[{"href":"https:\/\/radiostudiow.com.br\/site\/wp-json\/wp\/v2\/posts\/42497","targetHints":{"allow":["GET"]}}],"collection":[{"href":"https:\/\/radiostudiow.com.br\/site\/wp-json\/wp\/v2\/posts"}],"about":[{"href":"https:\/\/radiostudiow.com.br\/site\/wp-json\/wp\/v2\/types\/post"}],"author":[{"embeddable":true,"href":"https:\/\/radiostudiow.com.br\/site\/wp-json\/wp\/v2\/users\/2"}],"replies":[{"embeddable":true,"href":"https:\/\/radiostudiow.com.br\/site\/wp-json\/wp\/v2\/comments?post=42497"}],"version-history":[{"count":2,"href":"https:\/\/radiostudiow.com.br\/site\/wp-json\/wp\/v2\/posts\/42497\/revisions"}],"predecessor-version":[{"id":42508,"href":"https:\/\/radiostudiow.com.br\/site\/wp-json\/wp\/v2\/posts\/42497\/revisions\/42508"}],"wp:featuredmedia":[{"embeddable":true,"href":"https:\/\/radiostudiow.com.br\/site\/wp-json\/wp\/v2\/media\/35305"}],"wp:attachment":[{"href":"https:\/\/radiostudiow.com.br\/site\/wp-json\/wp\/v2\/media?parent=42497"}],"wp:term":[{"taxonomy":"category","embeddable":true,"href":"https:\/\/radiostudiow.com.br\/site\/wp-json\/wp\/v2\/categories?post=42497"},{"taxonomy":"post_tag","embeddable":true,"href":"https:\/\/radiostudiow.com.br\/site\/wp-json\/wp\/v2\/tags?post=42497"}],"curies":[{"name":"wp","href":"https:\/\/api.w.org\/{rel}","templated":true}]}}