{"id":4251,"date":"2021-11-01T09:55:58","date_gmt":"2021-11-01T12:55:58","guid":{"rendered":"https:\/\/radiostudiow.com.br\/site\/?p=4251"},"modified":"2025-01-31T15:12:24","modified_gmt":"2025-01-31T18:12:24","slug":"homem-morre-em-acidente-grave-na-regiao-do-limoeiro","status":"publish","type":"post","link":"https:\/\/radiostudiow.com.br\/site\/2021\/11\/01\/homem-morre-em-acidente-grave-na-regiao-do-limoeiro\/","title":{"rendered":"Homem morre em acidente grave na regi\u00e3o do Limoeiro"},"content":{"rendered":"\n<p><a href=\"https:\/\/radiostudiow.com.br\/site\/wp-admin\/edit.php?post_type=post\"><\/a>Um acidente grave foi registrado no final da tarde deste domingo, 31 de outubro, na BR-476 KM 312 na regi\u00e3o do Limoeiro entre Paulo Frontin e S\u00e3o Mateus do Sul.<\/p>\n\n\n\n<p>Um caminh\u00e3o Scania com placas de Uni\u00e3o da Vit\u00f3ria carregado de chapas de MDF acabou tombando e atingindo de rasp\u00e3o outros dois caminh\u00f5es. O tr\u00e2nsito ficou totalmente parado na rodovia.<\/p>\n\n\n\n<p>Segundo as informa\u00e7\u00f5es, um homem que estava como carona no caminh\u00e3o morreu no local e uma crian\u00e7a, o qual \u00e9 filho da v\u00edtima, foi socorrido com ferimentos leves e conduzido ao Pronto Atendimento de S\u00e3o Mateus do Sul. O motorista n\u00e3o se feriu.<\/p>\n\n\n\n<p>Equipes do Corpo de Bombeiros de S\u00e3o Mateus do Sul, PRF e IML estiveram atendendo a ocorr\u00eancia.<\/p>\n\n\n\n<p>A v\u00edtima fatal foi identificada posteriormente como Manoel Pinto da Luz, 43 anos.<\/p>\n\n\n\n<figure class=\"wp-block-image size-full\"><img decoding=\"async\" src=\"https:\/\/radiostudiow.com.br\/site\/wp-content\/uploads\/2021\/08\/240387432_2992083691066122_4820772207429196742_n.jpg\" alt=\"\" class=\"wp-image-3380\"\/><\/figure>\n\n\n\n<p>Foto: Clicsul News<\/p>\n","protected":false},"excerpt":{"rendered":"<p>Um acidente grave foi registrado no final da tarde deste domingo, 31 de outubro, na BR-476 KM 312 na regi\u00e3o do Limoeiro entre Paulo Frontin e S\u00e3o Mateus do Sul. Um caminh\u00e3o Scania com placas de Uni\u00e3o da Vit\u00f3ria carregado de chapas de MDF acabou tombando e atingindo de rasp\u00e3o outros dois caminh\u00f5es. O tr\u00e2nsito [&hellip;]<\/p>\n","protected":false},"author":2,"featured_media":0,"comment_status":"open","ping_status":"open","sticky":false,"template":"","format":"standard","meta":{"footnotes":""},"categories":[2],"tags":[172],"class_list":["post-4251","post","type-post","status-publish","format-standard","hentry","category-policial","tag-featured"],"amp_enabled":true,"_links":{"self":[{"href":"https:\/\/radiostudiow.com.br\/site\/wp-json\/wp\/v2\/posts\/4251","targetHints":{"allow":["GET"]}}],"collection":[{"href":"https:\/\/radiostudiow.com.br\/site\/wp-json\/wp\/v2\/posts"}],"about":[{"href":"https:\/\/radiostudiow.com.br\/site\/wp-json\/wp\/v2\/types\/post"}],"author":[{"embeddable":true,"href":"https:\/\/radiostudiow.com.br\/site\/wp-json\/wp\/v2\/users\/2"}],"replies":[{"embeddable":true,"href":"https:\/\/radiostudiow.com.br\/site\/wp-json\/wp\/v2\/comments?post=4251"}],"version-history":[{"count":2,"href":"https:\/\/radiostudiow.com.br\/site\/wp-json\/wp\/v2\/posts\/4251\/revisions"}],"predecessor-version":[{"id":4260,"href":"https:\/\/radiostudiow.com.br\/site\/wp-json\/wp\/v2\/posts\/4251\/revisions\/4260"}],"wp:attachment":[{"href":"https:\/\/radiostudiow.com.br\/site\/wp-json\/wp\/v2\/media?parent=4251"}],"wp:term":[{"taxonomy":"category","embeddable":true,"href":"https:\/\/radiostudiow.com.br\/site\/wp-json\/wp\/v2\/categories?post=4251"},{"taxonomy":"post_tag","embeddable":true,"href":"https:\/\/radiostudiow.com.br\/site\/wp-json\/wp\/v2\/tags?post=4251"}],"curies":[{"name":"wp","href":"https:\/\/api.w.org\/{rel}","templated":true}]}}