{"id":4254,"date":"2021-11-01T10:38:13","date_gmt":"2021-11-01T13:38:13","guid":{"rendered":"https:\/\/radiostudiow.com.br\/site\/?p=4254"},"modified":"2025-01-31T15:12:24","modified_gmt":"2025-01-31T18:12:24","slug":"mulheres-sao-apreendidas-apos-agressao-e-ameaca-em-mallet","status":"publish","type":"post","link":"https:\/\/radiostudiow.com.br\/site\/2021\/11\/01\/mulheres-sao-apreendidas-apos-agressao-e-ameaca-em-mallet\/","title":{"rendered":"Mulheres s\u00e3o apreendidas ap\u00f3s agress\u00e3o e amea\u00e7a em Mallet"},"content":{"rendered":"\n<p>Uma mulher acionou a equipe da Pol\u00edcia Militar de Mallet, via telefone, relatando uma ocorr\u00eancia de agress\u00e3o e amea\u00e7a com faca no bairro Eldorado.<\/p>\n\n\n\n<p>De acordo com a solicitante, algumas pessoas estariam a agredindo e a amea\u00e7ando com arma branca por volta das 23:40 horas deste s\u00e1bado (30).<\/p>\n\n\n\n<p>Os policiais se deslocaram at\u00e9 o local e efetuou abordagem. Ap\u00f3s esclarecimentos, duas mulheres foram encaminhadas para o Pelot\u00e3o da PM para lavratura de Termo Circunstanciado por se envolverem em agress\u00e3o resultando em les\u00e3o corporal leve.<\/p>\n\n\n\n<figure class=\"wp-block-image size-full\"><img decoding=\"async\" src=\"https:\/\/radiostudiow.com.br\/site\/wp-content\/uploads\/2021\/09\/NUTRI-MALLET.jpg\" alt=\"\" class=\"wp-image-3543\"\/><\/figure>\n","protected":false},"excerpt":{"rendered":"<p>Uma mulher acionou a equipe da Pol\u00edcia Militar de Mallet, via telefone, relatando uma ocorr\u00eancia de agress\u00e3o e amea\u00e7a com faca no bairro Eldorado. De acordo com a solicitante, algumas pessoas estariam a agredindo e a amea\u00e7ando com arma branca por volta das 23:40 horas deste s\u00e1bado (30). Os policiais se deslocaram at\u00e9 o local [&hellip;]<\/p>\n","protected":false},"author":2,"featured_media":0,"comment_status":"open","ping_status":"open","sticky":false,"template":"","format":"standard","meta":{"footnotes":""},"categories":[2],"tags":[172],"class_list":["post-4254","post","type-post","status-publish","format-standard","hentry","category-policial","tag-featured"],"amp_enabled":true,"_links":{"self":[{"href":"https:\/\/radiostudiow.com.br\/site\/wp-json\/wp\/v2\/posts\/4254","targetHints":{"allow":["GET"]}}],"collection":[{"href":"https:\/\/radiostudiow.com.br\/site\/wp-json\/wp\/v2\/posts"}],"about":[{"href":"https:\/\/radiostudiow.com.br\/site\/wp-json\/wp\/v2\/types\/post"}],"author":[{"embeddable":true,"href":"https:\/\/radiostudiow.com.br\/site\/wp-json\/wp\/v2\/users\/2"}],"replies":[{"embeddable":true,"href":"https:\/\/radiostudiow.com.br\/site\/wp-json\/wp\/v2\/comments?post=4254"}],"version-history":[{"count":1,"href":"https:\/\/radiostudiow.com.br\/site\/wp-json\/wp\/v2\/posts\/4254\/revisions"}],"predecessor-version":[{"id":4255,"href":"https:\/\/radiostudiow.com.br\/site\/wp-json\/wp\/v2\/posts\/4254\/revisions\/4255"}],"wp:attachment":[{"href":"https:\/\/radiostudiow.com.br\/site\/wp-json\/wp\/v2\/media?parent=4254"}],"wp:term":[{"taxonomy":"category","embeddable":true,"href":"https:\/\/radiostudiow.com.br\/site\/wp-json\/wp\/v2\/categories?post=4254"},{"taxonomy":"post_tag","embeddable":true,"href":"https:\/\/radiostudiow.com.br\/site\/wp-json\/wp\/v2\/tags?post=4254"}],"curies":[{"name":"wp","href":"https:\/\/api.w.org\/{rel}","templated":true}]}}