{"id":4256,"date":"2021-11-01T10:39:44","date_gmt":"2021-11-01T13:39:44","guid":{"rendered":"https:\/\/radiostudiow.com.br\/site\/?p=4256"},"modified":"2025-01-31T15:12:24","modified_gmt":"2025-01-31T18:12:24","slug":"mulher-e-ameacada-apos-registrar-boletim-de-ocorrencia-em-paulo-frontin","status":"publish","type":"post","link":"https:\/\/radiostudiow.com.br\/site\/2021\/11\/01\/mulher-e-ameacada-apos-registrar-boletim-de-ocorrencia-em-paulo-frontin\/","title":{"rendered":"Mulher \u00e9 amea\u00e7ada ap\u00f3s registrar Boletim de Ocorr\u00eancia em Paulo Frontin"},"content":{"rendered":"\n<p>Pol\u00edcia Militar de Paulo Frontin foi acionada por uma moradora do Bairro Alto Para\u00edso para atender uma ocorr\u00eancia de amea\u00e7a. A situa\u00e7\u00e3o ocorreu por volta das 09:00 horas desse s\u00e1bado (30).<\/p>\n\n\n\n<p>A solicitante relatou que vem sendo amea\u00e7ada do seu ex-convivente e na manh\u00e3 desse s\u00e1bado, 30 de outubro, ele foi at\u00e9 a sua resid\u00eancia para amea\u00e7ar caso ela n\u00e3o retirasse os registros contra ele feitos na PM.<\/p>\n\n\n\n<p>Diante dessa situa\u00e7\u00e3o os envolvidos foram conduzidos para o destacamento policial para confeccionar o Termo Circunstanciado<\/p>\n\n\n\n<p>A mulher ainda relata que j\u00e1 pediu por duas vezes a medida protetiva\/cautelar contra o autor, contudo foram negadas.<\/p>\n\n\n\n<figure class=\"wp-block-image size-full\"><img decoding=\"async\" src=\"https:\/\/radiostudiow.com.br\/site\/wp-content\/uploads\/2021\/09\/HF-MALLET.jpg\" alt=\"\" class=\"wp-image-3544\"\/><\/figure>\n","protected":false},"excerpt":{"rendered":"<p>Pol\u00edcia Militar de Paulo Frontin foi acionada por uma moradora do Bairro Alto Para\u00edso para atender uma ocorr\u00eancia de amea\u00e7a. A situa\u00e7\u00e3o ocorreu por volta das 09:00 horas desse s\u00e1bado (30). A solicitante relatou que vem sendo amea\u00e7ada do seu ex-convivente e na manh\u00e3 desse s\u00e1bado, 30 de outubro, ele foi at\u00e9 a sua resid\u00eancia [&hellip;]<\/p>\n","protected":false},"author":2,"featured_media":0,"comment_status":"open","ping_status":"open","sticky":false,"template":"","format":"standard","meta":{"footnotes":""},"categories":[2],"tags":[172],"class_list":["post-4256","post","type-post","status-publish","format-standard","hentry","category-policial","tag-featured"],"amp_enabled":true,"_links":{"self":[{"href":"https:\/\/radiostudiow.com.br\/site\/wp-json\/wp\/v2\/posts\/4256","targetHints":{"allow":["GET"]}}],"collection":[{"href":"https:\/\/radiostudiow.com.br\/site\/wp-json\/wp\/v2\/posts"}],"about":[{"href":"https:\/\/radiostudiow.com.br\/site\/wp-json\/wp\/v2\/types\/post"}],"author":[{"embeddable":true,"href":"https:\/\/radiostudiow.com.br\/site\/wp-json\/wp\/v2\/users\/2"}],"replies":[{"embeddable":true,"href":"https:\/\/radiostudiow.com.br\/site\/wp-json\/wp\/v2\/comments?post=4256"}],"version-history":[{"count":2,"href":"https:\/\/radiostudiow.com.br\/site\/wp-json\/wp\/v2\/posts\/4256\/revisions"}],"predecessor-version":[{"id":4259,"href":"https:\/\/radiostudiow.com.br\/site\/wp-json\/wp\/v2\/posts\/4256\/revisions\/4259"}],"wp:attachment":[{"href":"https:\/\/radiostudiow.com.br\/site\/wp-json\/wp\/v2\/media?parent=4256"}],"wp:term":[{"taxonomy":"category","embeddable":true,"href":"https:\/\/radiostudiow.com.br\/site\/wp-json\/wp\/v2\/categories?post=4256"},{"taxonomy":"post_tag","embeddable":true,"href":"https:\/\/radiostudiow.com.br\/site\/wp-json\/wp\/v2\/tags?post=4256"}],"curies":[{"name":"wp","href":"https:\/\/api.w.org\/{rel}","templated":true}]}}