{"id":42575,"date":"2025-09-16T15:51:10","date_gmt":"2025-09-16T18:51:10","guid":{"rendered":"https:\/\/radiostudiow.com.br\/site\/?p=42575"},"modified":"2025-09-16T15:51:11","modified_gmt":"2025-09-16T18:51:11","slug":"copel-abre-inscricoes-para-programa-de-bolsas-a-alunos-de-engenharia-eletrica","status":"publish","type":"post","link":"https:\/\/radiostudiow.com.br\/site\/2025\/09\/16\/copel-abre-inscricoes-para-programa-de-bolsas-a-alunos-de-engenharia-eletrica\/","title":{"rendered":"Copel abre inscri\u00e7\u00f5es para programa de bolsas a alunos de Engenharia El\u00e9trica"},"content":{"rendered":"\n<p>A Copel&nbsp;abriu nesta&nbsp;segunda-feira (15)&nbsp;a terceira edi\u00e7\u00e3o do Programa Aluno Energia, que concede bolsas de estudo, mentoria e est\u00e1gio a estudantes&nbsp;cotistas&nbsp;de Engenharia El\u00e9trica&nbsp;matriculados&nbsp;em universidades p\u00fablicas do Paran\u00e1.&nbsp;O edital 2025 traz avan\u00e7os importantes, como a destina\u00e7\u00e3o de 40% das vagas prioritariamente para mulheres, al\u00e9m da amplia\u00e7\u00e3o da participa\u00e7\u00e3o de diferentes universidades no Estado.&nbsp;&nbsp;<\/p>\n\n\n\n<p>Ao todo, ser\u00e3o selecionados 20 estudantes, com ingresso exclusivo de&nbsp;alunos&nbsp;e alunas&nbsp;cotistas de baixa renda&nbsp;matriculados no primeiro ou segundo semestre de Engenharia El\u00e9trica, incluindo todas as \u00eanfases dispon\u00edveis nas universidades paranaenses.&nbsp;Al\u00e9m das cotas de g\u00eanero e de baixa renda, o programa tamb\u00e9m reserva vagas para pessoas com defici\u00eancia.&nbsp;<\/p>\n\n\n\n<p>Os alunos&nbsp;e alunas&nbsp;aprovados recebem bolsa equivalente a um sal\u00e1rio-m\u00ednimo regional (R$ 1.984,16 em 2025),&nbsp;um&nbsp;notebook em regime de comodato e acompanhamento por tutores&nbsp;profissionais&nbsp;da companhia. O programa tem dura\u00e7\u00e3o de at\u00e9 cinco anos, sendo os tr\u00eas primeiros de bolsa e os dois \u00faltimos como est\u00e1gio remunerado na empresa.&nbsp;<\/p>\n\n\n\n<figure class=\"wp-block-image size-full\"><img loading=\"lazy\" decoding=\"async\" width=\"897\" height=\"204\" src=\"https:\/\/radiostudiow.com.br\/site\/wp-content\/uploads\/2025\/01\/SITE-GRANDE4.png\" alt=\"\" class=\"wp-image-32888\" srcset=\"https:\/\/radiostudiow.com.br\/site\/wp-content\/uploads\/2025\/01\/SITE-GRANDE4.png 897w, https:\/\/radiostudiow.com.br\/site\/wp-content\/uploads\/2025\/01\/SITE-GRANDE4-300x68.png 300w, https:\/\/radiostudiow.com.br\/site\/wp-content\/uploads\/2025\/01\/SITE-GRANDE4-768x175.png 768w\" sizes=\"auto, (max-width: 897px) 100vw, 897px\" \/><\/figure>\n\n\n\n<p>Para a vice-presidente de Gente e Gest\u00e3o da Copel, M\u00e1rcia Baena, o Aluno Energia refor\u00e7a nosso compromisso em unir diversidade, inclus\u00e3o e desenvolvimento de talentos. <strong><em>\u201cEstamos criando condi\u00e7\u00f5es para que jovens em vulnerabilidade social possam se formar e construir carreiras s\u00f3lidas, ao mesmo tempo em que fortalecemos o futuro da companhia e do setor el\u00e9trico\u201d<\/em><\/strong><em>, diz.\u00a0<\/em><\/p>\n\n\n\n<p>Segundo dados mais recentes do Inep (2023), apenas 58% dos estudantes de Engenharia El\u00e9trica no Brasil permanecem at\u00e9 o final do curso \u2014 um desafio ainda maior para alunos de baixa renda. O Aluno Energia foi criado justamente para reduzir esse \u00edndice de evas\u00e3o, oferecendo apoio financeiro e acad\u00eamico.&nbsp;<\/p>\n\n\n\n<p>Vanessa\u00a0Golembioski, estudante da UTFPR e atual participante do programa, conta como a iniciativa tem sido decisiva em sua trajet\u00f3ria.<strong><em> \u201cAs universidades p\u00fablicas s\u00e3o gratuitas, mas estudar n\u00e3o \u00e9. H\u00e1 custos com transporte, materiais, alimenta\u00e7\u00e3o, e muitas vezes a gente se sente sobrecarregado, pensando se n\u00e3o est\u00e1 pesando no or\u00e7amento da fam\u00edlia. O Aluno Energia me deu tranquilidade para focar na gradua\u00e7\u00e3o sem precisar abandonar os estudos\u201d<\/em><\/strong><em>, afirma a jovem.<\/em><\/p>\n\n\n\n<figure class=\"wp-block-image size-full\"><img loading=\"lazy\" decoding=\"async\" width=\"1024\" height=\"591\" src=\"https:\/\/radiostudiow.com.br\/site\/wp-content\/uploads\/2025\/09\/CASA-DO-CRIADOR.jpg\" alt=\"\" class=\"wp-image-42577\" srcset=\"https:\/\/radiostudiow.com.br\/site\/wp-content\/uploads\/2025\/09\/CASA-DO-CRIADOR.jpg 1024w, https:\/\/radiostudiow.com.br\/site\/wp-content\/uploads\/2025\/09\/CASA-DO-CRIADOR-300x173.jpg 300w, https:\/\/radiostudiow.com.br\/site\/wp-content\/uploads\/2025\/09\/CASA-DO-CRIADOR-768x443.jpg 768w\" sizes=\"auto, (max-width: 1024px) 100vw, 1024px\" \/><\/figure>\n\n\n\n<p>Ela \u00e9 mentorada pelo gerente\u00a0do departamento de Projetos e Medi\u00e7\u00e3o de Redes da Copel Distribui\u00e7\u00e3o,\u00a0Rafael\u00a0Radaskievicz.\u00a0<strong><em>\u201cVer de perto a evolu\u00e7\u00e3o dos alunos \u00e9 muito gratificante. A cada edi\u00e7\u00e3o percebemos que se tornou um programa de transforma\u00e7\u00e3o. Os estudantes ganham confian\u00e7a, ampliam sua rede de contatos e se preparam melhor para o mercado. \u00c9 uma satisfa\u00e7\u00e3o pessoal e profissional poder contribuir nesse processo\u201d, <\/em><\/strong><em>conta Radaskievicz.<\/em>\u00a0<\/p>\n\n\n\n<p><strong>INSCRI\u00c7\u00d5ES&nbsp;<\/strong>\u2013&nbsp;O cronograma&nbsp;tem&nbsp;inscri\u00e7\u00f5es&nbsp;de 15 a 26 de setembro, por meio do site do CIEE\/PR&nbsp;ou em&nbsp;<a href=\"https:\/\/www.copel.com\/site\/aluno-energia-copel\/\" target=\"_blank\" rel=\"noreferrer noopener\">www.copel.com\/site\/aluno-energia-copel<\/a>. As etapas&nbsp;incluem&nbsp;reda\u00e7\u00e3o online, envio de v\u00eddeo de apresenta\u00e7\u00e3o e entrevista final. O resultado consolidado est\u00e1 previsto para&nbsp;12 de novembro.&nbsp;<\/p>\n\n\n\n<p>Para a Copel, o programa \u00e9 parte de seu compromisso como signat\u00e1ria do Pacto Global da ONU, especialmente no que se refere ao Objetivo de Desenvolvimento Sustent\u00e1vel n\u00ba 4 (Educa\u00e7\u00e3o de Qualidade). Al\u00e9m de investir em inova\u00e7\u00e3o, pesquisa e energia limpa, a companhia busca ampliar o acesso e a perman\u00eancia de estudantes em carreiras estrat\u00e9gicas para o futuro do setor el\u00e9trico.&nbsp;<\/p>\n\n\n\n<p><strong>Informa\u00e7\u00f5es:&nbsp;<a href=\"https:\/\/www.copel.com\/site\/aluno-energia-copel\/\" target=\"_blank\" rel=\"noreferrer noopener\">www.copel.com\/site\/aluno-energia-copel<\/a>.<\/strong><\/p>\n\n\n\n<p><strong><em>Com informa\u00e7\u00f5es AEN<\/em><\/strong><\/p>\n","protected":false},"excerpt":{"rendered":"<p>A Copel&nbsp;abriu nesta&nbsp;segunda-feira (15)&nbsp;a terceira edi\u00e7\u00e3o do Programa Aluno Energia, que concede bolsas de estudo, mentoria e est\u00e1gio a estudantes&nbsp;cotistas&nbsp;de Engenharia El\u00e9trica&nbsp;matriculados&nbsp;em universidades p\u00fablicas do Paran\u00e1.&nbsp;O edital 2025 traz avan\u00e7os importantes, como a destina\u00e7\u00e3o de 40% das vagas prioritariamente para mulheres, al\u00e9m da amplia\u00e7\u00e3o da participa\u00e7\u00e3o de diferentes universidades no Estado.&nbsp;&nbsp; Ao todo, ser\u00e3o selecionados [&hellip;]<\/p>\n","protected":false},"author":2,"featured_media":42576,"comment_status":"open","ping_status":"open","sticky":false,"template":"","format":"standard","meta":{"footnotes":""},"categories":[7],"tags":[172],"class_list":["post-42575","post","type-post","status-publish","format-standard","has-post-thumbnail","hentry","category-geral","tag-featured"],"amp_enabled":true,"_links":{"self":[{"href":"https:\/\/radiostudiow.com.br\/site\/wp-json\/wp\/v2\/posts\/42575","targetHints":{"allow":["GET"]}}],"collection":[{"href":"https:\/\/radiostudiow.com.br\/site\/wp-json\/wp\/v2\/posts"}],"about":[{"href":"https:\/\/radiostudiow.com.br\/site\/wp-json\/wp\/v2\/types\/post"}],"author":[{"embeddable":true,"href":"https:\/\/radiostudiow.com.br\/site\/wp-json\/wp\/v2\/users\/2"}],"replies":[{"embeddable":true,"href":"https:\/\/radiostudiow.com.br\/site\/wp-json\/wp\/v2\/comments?post=42575"}],"version-history":[{"count":1,"href":"https:\/\/radiostudiow.com.br\/site\/wp-json\/wp\/v2\/posts\/42575\/revisions"}],"predecessor-version":[{"id":42578,"href":"https:\/\/radiostudiow.com.br\/site\/wp-json\/wp\/v2\/posts\/42575\/revisions\/42578"}],"wp:featuredmedia":[{"embeddable":true,"href":"https:\/\/radiostudiow.com.br\/site\/wp-json\/wp\/v2\/media\/42576"}],"wp:attachment":[{"href":"https:\/\/radiostudiow.com.br\/site\/wp-json\/wp\/v2\/media?parent=42575"}],"wp:term":[{"taxonomy":"category","embeddable":true,"href":"https:\/\/radiostudiow.com.br\/site\/wp-json\/wp\/v2\/categories?post=42575"},{"taxonomy":"post_tag","embeddable":true,"href":"https:\/\/radiostudiow.com.br\/site\/wp-json\/wp\/v2\/tags?post=42575"}],"curies":[{"name":"wp","href":"https:\/\/api.w.org\/{rel}","templated":true}]}}