{"id":42654,"date":"2025-09-18T09:34:24","date_gmt":"2025-09-18T12:34:24","guid":{"rendered":"https:\/\/radiostudiow.com.br\/site\/?p=42654"},"modified":"2025-09-18T09:34:25","modified_gmt":"2025-09-18T12:34:25","slug":"jovem-e-esfaqueado-em-sao-mateus-do-sul","status":"publish","type":"post","link":"https:\/\/radiostudiow.com.br\/site\/2025\/09\/18\/jovem-e-esfaqueado-em-sao-mateus-do-sul\/","title":{"rendered":"Jovem \u00e9 esfaqueado em S\u00e3o Mateus do Sul"},"content":{"rendered":"\n<p>As equipes do Corpo de Bombeiros e do SAMU de S\u00e3o Mateus do Sul foram acionadas para atender uma ocorr\u00eancia de ferimento por arma branca no Gin\u00e1sio Polac\u00e3o por volta das 02 horas da desta quinta-feira (18).<\/p>\n\n\n\n<figure class=\"wp-block-image size-full\"><img loading=\"lazy\" decoding=\"async\" width=\"897\" height=\"204\" src=\"https:\/\/radiostudiow.com.br\/site\/wp-content\/uploads\/2025\/03\/BARAO-NOVO-NOTICIAS-1.jpg\" alt=\"\" class=\"wp-image-35084\" srcset=\"https:\/\/radiostudiow.com.br\/site\/wp-content\/uploads\/2025\/03\/BARAO-NOVO-NOTICIAS-1.jpg 897w, https:\/\/radiostudiow.com.br\/site\/wp-content\/uploads\/2025\/03\/BARAO-NOVO-NOTICIAS-1-300x68.jpg 300w, https:\/\/radiostudiow.com.br\/site\/wp-content\/uploads\/2025\/03\/BARAO-NOVO-NOTICIAS-1-768x175.jpg 768w\" sizes=\"auto, (max-width: 897px) 100vw, 897px\" \/><\/figure>\n\n\n\n<p>Os socorristas encontraram um jovem, 18 anos, ca\u00eddo no ch\u00e3o com uma faca cravada na regi\u00e3o dorsal, j\u00e1 no local a v\u00edtima recebeu os primeiros atendimentos, em seguida foi encaminhada ao Pronto-Socorro municipal para cirurgia.<\/p>\n\n\n\n<p>A equipe da Pol\u00edcia Militar realizou buscas pelas redondezas na tentativa de localizar os poss\u00edveis autores do crime. N\u00e3o h\u00e1 informa\u00e7\u00f5es sobre suspeitos e o nome da v\u00edtima n\u00e3o foi divulgado.<\/p>\n\n\n\n<p><\/p>\n","protected":false},"excerpt":{"rendered":"<p>As equipes do Corpo de Bombeiros e do SAMU de S\u00e3o Mateus do Sul foram acionadas para atender uma ocorr\u00eancia de ferimento por arma branca no Gin\u00e1sio Polac\u00e3o por volta das 02 horas da desta quinta-feira (18). Os socorristas encontraram um jovem, 18 anos, ca\u00eddo no ch\u00e3o com uma faca cravada na regi\u00e3o dorsal, j\u00e1 [&hellip;]<\/p>\n","protected":false},"author":2,"featured_media":10918,"comment_status":"open","ping_status":"open","sticky":false,"template":"","format":"standard","meta":{"footnotes":""},"categories":[2],"tags":[172],"class_list":["post-42654","post","type-post","status-publish","format-standard","has-post-thumbnail","hentry","category-policial","tag-featured"],"amp_enabled":true,"_links":{"self":[{"href":"https:\/\/radiostudiow.com.br\/site\/wp-json\/wp\/v2\/posts\/42654","targetHints":{"allow":["GET"]}}],"collection":[{"href":"https:\/\/radiostudiow.com.br\/site\/wp-json\/wp\/v2\/posts"}],"about":[{"href":"https:\/\/radiostudiow.com.br\/site\/wp-json\/wp\/v2\/types\/post"}],"author":[{"embeddable":true,"href":"https:\/\/radiostudiow.com.br\/site\/wp-json\/wp\/v2\/users\/2"}],"replies":[{"embeddable":true,"href":"https:\/\/radiostudiow.com.br\/site\/wp-json\/wp\/v2\/comments?post=42654"}],"version-history":[{"count":1,"href":"https:\/\/radiostudiow.com.br\/site\/wp-json\/wp\/v2\/posts\/42654\/revisions"}],"predecessor-version":[{"id":42655,"href":"https:\/\/radiostudiow.com.br\/site\/wp-json\/wp\/v2\/posts\/42654\/revisions\/42655"}],"wp:featuredmedia":[{"embeddable":true,"href":"https:\/\/radiostudiow.com.br\/site\/wp-json\/wp\/v2\/media\/10918"}],"wp:attachment":[{"href":"https:\/\/radiostudiow.com.br\/site\/wp-json\/wp\/v2\/media?parent=42654"}],"wp:term":[{"taxonomy":"category","embeddable":true,"href":"https:\/\/radiostudiow.com.br\/site\/wp-json\/wp\/v2\/categories?post=42654"},{"taxonomy":"post_tag","embeddable":true,"href":"https:\/\/radiostudiow.com.br\/site\/wp-json\/wp\/v2\/tags?post=42654"}],"curies":[{"name":"wp","href":"https:\/\/api.w.org\/{rel}","templated":true}]}}