{"id":42658,"date":"2025-09-18T09:47:17","date_gmt":"2025-09-18T12:47:17","guid":{"rendered":"https:\/\/radiostudiow.com.br\/site\/?p=42658"},"modified":"2025-09-18T09:47:18","modified_gmt":"2025-09-18T12:47:18","slug":"policia-militar-prende-homem-por-violencia-domestica-e-posse-de-drogas-em-uniao-da-vitoria","status":"publish","type":"post","link":"https:\/\/radiostudiow.com.br\/site\/2025\/09\/18\/policia-militar-prende-homem-por-violencia-domestica-e-posse-de-drogas-em-uniao-da-vitoria\/","title":{"rendered":"Pol\u00edcia Militar prende homem por viol\u00eancia dom\u00e9stica e posse de drogas em Uni\u00e3o da Vit\u00f3ria"},"content":{"rendered":"\n<figure class=\"wp-block-image size-full\"><img loading=\"lazy\" decoding=\"async\" width=\"897\" height=\"204\" src=\"https:\/\/radiostudiow.com.br\/site\/wp-content\/uploads\/2025\/03\/image-62.png\" alt=\"\" class=\"wp-image-35859\" srcset=\"https:\/\/radiostudiow.com.br\/site\/wp-content\/uploads\/2025\/03\/image-62.png 897w, https:\/\/radiostudiow.com.br\/site\/wp-content\/uploads\/2025\/03\/image-62-300x68.png 300w, https:\/\/radiostudiow.com.br\/site\/wp-content\/uploads\/2025\/03\/image-62-768x175.png 768w\" sizes=\"auto, (max-width: 897px) 100vw, 897px\" \/><\/figure>\n\n\n\n<p>A equipe da Pol\u00edcia Militar de Uni\u00e3o da Vit\u00f3ria atendeu a uma ocorr\u00eancia de viol\u00eancia dom\u00e9stica, em que uma mulher foi agredida fisicamente pelo companheiro  no bairro Limeira por volta das 00h10min dessa quinta-feira (18).<\/p>\n\n\n\n<p>A v\u00edtima apresentava les\u00f5es vis\u00edveis e relatou sentir-se amea\u00e7ada tamb\u00e9m pelo pai do agressor. Durante a a\u00e7\u00e3o, foi realizado buscas no local, e encontrado subst\u00e2ncia an\u00e1loga \u00e0 maconha no quarto do autor.<\/p>\n\n\n\n<p>A v\u00edtima foi encaminhada para atendimento m\u00e9dico, e posteriormente encaminhado junto ao autor at\u00e9 a 4\u00aa SDP.<\/p>\n","protected":false},"excerpt":{"rendered":"<p>A equipe da Pol\u00edcia Militar de Uni\u00e3o da Vit\u00f3ria atendeu a uma ocorr\u00eancia de viol\u00eancia dom\u00e9stica, em que uma mulher foi agredida fisicamente pelo companheiro no bairro Limeira por volta das 00h10min dessa quinta-feira (18). A v\u00edtima apresentava les\u00f5es vis\u00edveis e relatou sentir-se amea\u00e7ada tamb\u00e9m pelo pai do agressor. Durante a a\u00e7\u00e3o, foi realizado buscas [&hellip;]<\/p>\n","protected":false},"author":2,"featured_media":38633,"comment_status":"open","ping_status":"open","sticky":false,"template":"","format":"standard","meta":{"footnotes":""},"categories":[2],"tags":[172],"class_list":["post-42658","post","type-post","status-publish","format-standard","has-post-thumbnail","hentry","category-policial","tag-featured"],"amp_enabled":true,"_links":{"self":[{"href":"https:\/\/radiostudiow.com.br\/site\/wp-json\/wp\/v2\/posts\/42658","targetHints":{"allow":["GET"]}}],"collection":[{"href":"https:\/\/radiostudiow.com.br\/site\/wp-json\/wp\/v2\/posts"}],"about":[{"href":"https:\/\/radiostudiow.com.br\/site\/wp-json\/wp\/v2\/types\/post"}],"author":[{"embeddable":true,"href":"https:\/\/radiostudiow.com.br\/site\/wp-json\/wp\/v2\/users\/2"}],"replies":[{"embeddable":true,"href":"https:\/\/radiostudiow.com.br\/site\/wp-json\/wp\/v2\/comments?post=42658"}],"version-history":[{"count":1,"href":"https:\/\/radiostudiow.com.br\/site\/wp-json\/wp\/v2\/posts\/42658\/revisions"}],"predecessor-version":[{"id":42659,"href":"https:\/\/radiostudiow.com.br\/site\/wp-json\/wp\/v2\/posts\/42658\/revisions\/42659"}],"wp:featuredmedia":[{"embeddable":true,"href":"https:\/\/radiostudiow.com.br\/site\/wp-json\/wp\/v2\/media\/38633"}],"wp:attachment":[{"href":"https:\/\/radiostudiow.com.br\/site\/wp-json\/wp\/v2\/media?parent=42658"}],"wp:term":[{"taxonomy":"category","embeddable":true,"href":"https:\/\/radiostudiow.com.br\/site\/wp-json\/wp\/v2\/categories?post=42658"},{"taxonomy":"post_tag","embeddable":true,"href":"https:\/\/radiostudiow.com.br\/site\/wp-json\/wp\/v2\/tags?post=42658"}],"curies":[{"name":"wp","href":"https:\/\/api.w.org\/{rel}","templated":true}]}}