{"id":42685,"date":"2025-09-18T17:10:51","date_gmt":"2025-09-18T20:10:51","guid":{"rendered":"https:\/\/radiostudiow.com.br\/site\/?p=42685"},"modified":"2025-09-18T17:10:51","modified_gmt":"2025-09-18T20:10:51","slug":"policia-cumpre-mandado-de-prisao-preventiva-contra-suspeito-de-praticar-seis-furtos-em-menos-de-uma-semana-em-prudentopolis-e-regiao","status":"publish","type":"post","link":"https:\/\/radiostudiow.com.br\/site\/2025\/09\/18\/policia-cumpre-mandado-de-prisao-preventiva-contra-suspeito-de-praticar-seis-furtos-em-menos-de-uma-semana-em-prudentopolis-e-regiao\/","title":{"rendered":"POLICIA CUMPRE MANDADO DE PRIS\u00c3O PREVENTIVA CONTRA SUSPEITO DE PRATICAR SEIS FURTOS EM MENOS DE UMA SEMANA EM PRUDENT\u00d3POLIS E REGI\u00c3O"},"content":{"rendered":"\n<figure class=\"wp-block-image size-full\"><img loading=\"lazy\" decoding=\"async\" width=\"598\" height=\"204\" src=\"https:\/\/radiostudiow.com.br\/site\/wp-content\/uploads\/2025\/05\/BEAZY.jpg.png\" alt=\"\" class=\"wp-image-38197\" srcset=\"https:\/\/radiostudiow.com.br\/site\/wp-content\/uploads\/2025\/05\/BEAZY.jpg.png 598w, https:\/\/radiostudiow.com.br\/site\/wp-content\/uploads\/2025\/05\/BEAZY.jpg-300x102.png 300w\" sizes=\"auto, (max-width: 598px) 100vw, 598px\" \/><\/figure>\n\n\n\n<p class=\"has-text-align-center\"><em>Informa\u00e7\u00f5es e Imagem Pol\u00edcia Civil de Prudent\u00f3polis<br>Colabora\u00e7\u00e3o Rep\u00f3rter Kiko de Oliveira<\/em><\/p>\n\n\n\n<p>As investiga\u00e7\u00f5es indicam que, al\u00e9m de furtar ve\u00edculos e alguns acess\u00f3rios, o suspeito invadiu as resid\u00eancias para se alimentar, trocar de roupas e at\u00e9 tomar banho.<\/p>\n\n\n\n<p>A Pol\u00edcia Civil do Paran\u00e1 cumpriu um mandado de pris\u00e3o preventiva, neste 18\/09, contra um indiv\u00edduo de 28 anos, suspeito de cometer uma sequ\u00eancia de seis furtos nos \u00faltimos dias em Prudent\u00f3polis\/PR e em outros munic\u00edpios vizinhos.<\/p>\n\n\n\n<figure class=\"wp-block-image size-full\"><img loading=\"lazy\" decoding=\"async\" width=\"897\" height=\"204\" src=\"https:\/\/radiostudiow.com.br\/site\/wp-content\/uploads\/2024\/01\/SITE-GRANDE3.png\" alt=\"zaions\" class=\"wp-image-18936\" srcset=\"https:\/\/radiostudiow.com.br\/site\/wp-content\/uploads\/2024\/01\/SITE-GRANDE3.png 897w, https:\/\/radiostudiow.com.br\/site\/wp-content\/uploads\/2024\/01\/SITE-GRANDE3-300x68.png 300w, https:\/\/radiostudiow.com.br\/site\/wp-content\/uploads\/2024\/01\/SITE-GRANDE3-768x175.png 768w\" sizes=\"auto, (max-width: 897px) 100vw, 897px\" \/><\/figure>\n\n\n\n<p>O primeiro crime ocorreu em 10 de setembro de 2025, quando o investigado invadiu uma resid\u00eancia na \u00e1rea urbana de Prudent\u00f3polis e furtou um ve\u00edculo VW\/Gol, al\u00e9m de diversos pertences pessoais das v\u00edtimas.<\/p>\n\n\n\n<p>Nos dias seguintes, o mesmo criminoso furtou um ve\u00edculo no munic\u00edpio de Iva\u00ed\/PR e outro em Irati\/PR.<\/p>\n\n\n\n<p>Diante da gravidade dos fatos e da necessidade de garantir a ordem p\u00fablica, a Autoridade Policial representou pela pris\u00e3o preventiva do suspeito, sendo expedido o mandado de pris\u00e3o e cumprido nesta data.<\/p>\n\n\n\n<p class=\"has-text-align-center\"><em>Informa\u00e7\u00f5es e Imagem Pol\u00edcia Civil de Prudent\u00f3polis<br>Colabora\u00e7\u00e3o Rep\u00f3rter Kiko de Oliveira<\/em><\/p>\n","protected":false},"excerpt":{"rendered":"<p>Informa\u00e7\u00f5es e Imagem Pol\u00edcia Civil de Prudent\u00f3polisColabora\u00e7\u00e3o Rep\u00f3rter Kiko de Oliveira As investiga\u00e7\u00f5es indicam que, al\u00e9m de furtar ve\u00edculos e alguns acess\u00f3rios, o suspeito invadiu as resid\u00eancias para se alimentar, trocar de roupas e at\u00e9 tomar banho. A Pol\u00edcia Civil do Paran\u00e1 cumpriu um mandado de pris\u00e3o preventiva, neste 18\/09, contra um indiv\u00edduo de 28 [&hellip;]<\/p>\n","protected":false},"author":2,"featured_media":42686,"comment_status":"open","ping_status":"open","sticky":false,"template":"","format":"standard","meta":{"footnotes":""},"categories":[2],"tags":[172],"class_list":["post-42685","post","type-post","status-publish","format-standard","has-post-thumbnail","hentry","category-policial","tag-featured"],"amp_enabled":true,"_links":{"self":[{"href":"https:\/\/radiostudiow.com.br\/site\/wp-json\/wp\/v2\/posts\/42685","targetHints":{"allow":["GET"]}}],"collection":[{"href":"https:\/\/radiostudiow.com.br\/site\/wp-json\/wp\/v2\/posts"}],"about":[{"href":"https:\/\/radiostudiow.com.br\/site\/wp-json\/wp\/v2\/types\/post"}],"author":[{"embeddable":true,"href":"https:\/\/radiostudiow.com.br\/site\/wp-json\/wp\/v2\/users\/2"}],"replies":[{"embeddable":true,"href":"https:\/\/radiostudiow.com.br\/site\/wp-json\/wp\/v2\/comments?post=42685"}],"version-history":[{"count":1,"href":"https:\/\/radiostudiow.com.br\/site\/wp-json\/wp\/v2\/posts\/42685\/revisions"}],"predecessor-version":[{"id":42687,"href":"https:\/\/radiostudiow.com.br\/site\/wp-json\/wp\/v2\/posts\/42685\/revisions\/42687"}],"wp:featuredmedia":[{"embeddable":true,"href":"https:\/\/radiostudiow.com.br\/site\/wp-json\/wp\/v2\/media\/42686"}],"wp:attachment":[{"href":"https:\/\/radiostudiow.com.br\/site\/wp-json\/wp\/v2\/media?parent=42685"}],"wp:term":[{"taxonomy":"category","embeddable":true,"href":"https:\/\/radiostudiow.com.br\/site\/wp-json\/wp\/v2\/categories?post=42685"},{"taxonomy":"post_tag","embeddable":true,"href":"https:\/\/radiostudiow.com.br\/site\/wp-json\/wp\/v2\/tags?post=42685"}],"curies":[{"name":"wp","href":"https:\/\/api.w.org\/{rel}","templated":true}]}}