{"id":42707,"date":"2025-09-19T09:47:26","date_gmt":"2025-09-19T12:47:26","guid":{"rendered":"https:\/\/radiostudiow.com.br\/site\/?p=42707"},"modified":"2025-09-19T09:47:26","modified_gmt":"2025-09-19T12:47:26","slug":"policia-militar-de-uniao-da-vitoria-prende-homem-por-trafico-de-drogas-5","status":"publish","type":"post","link":"https:\/\/radiostudiow.com.br\/site\/2025\/09\/19\/policia-militar-de-uniao-da-vitoria-prende-homem-por-trafico-de-drogas-5\/","title":{"rendered":"Pol\u00edcia Militar de Uni\u00e3o da Vit\u00f3ria prende homem por tr\u00e1fico de drogas"},"content":{"rendered":"\n<p>A equipe da ROCAM por meio da Pol\u00edcia Militar de Uni\u00e3o da Vit\u00f3ria estava em patrulhamento pela \u00e1rea de alto \u00edndice de den\u00fancia por pr\u00e1tica de tr\u00e1fico de drogas, quandp observou um indiv\u00edduo em atitude suspeita.<\/p>\n\n\n\n<p>O caso foi registrado no distrito de S\u00e3o Crist\u00f3v\u00e3o por volta das 22h30min dessa quinta-feira (18).<\/p>\n\n\n\n<figure class=\"wp-block-image size-full\"><img loading=\"lazy\" decoding=\"async\" width=\"897\" height=\"207\" src=\"https:\/\/radiostudiow.com.br\/site\/wp-content\/uploads\/2025\/07\/TIJOLAO.png\" alt=\"\" class=\"wp-image-40184\" srcset=\"https:\/\/radiostudiow.com.br\/site\/wp-content\/uploads\/2025\/07\/TIJOLAO.png 897w, https:\/\/radiostudiow.com.br\/site\/wp-content\/uploads\/2025\/07\/TIJOLAO-300x69.png 300w, https:\/\/radiostudiow.com.br\/site\/wp-content\/uploads\/2025\/07\/TIJOLAO-768x177.png 768w\" sizes=\"auto, (max-width: 897px) 100vw, 897px\" \/><\/figure>\n\n\n\n<p>Foi realizada a abordagem, em revista pessoal, foi localizado uma por\u00e7\u00e3o de 40 g de crack e 20<br>g de coca\u00edna.<\/p>\n\n\n\n<p>Dessa forma, foi encaminhado e as medidas cab\u00edveis foram tomadas.<\/p>\n","protected":false},"excerpt":{"rendered":"<p>A equipe da ROCAM por meio da Pol\u00edcia Militar de Uni\u00e3o da Vit\u00f3ria estava em patrulhamento pela \u00e1rea de alto \u00edndice de den\u00fancia por pr\u00e1tica de tr\u00e1fico de drogas, quandp observou um indiv\u00edduo em atitude suspeita. O caso foi registrado no distrito de S\u00e3o Crist\u00f3v\u00e3o por volta das 22h30min dessa quinta-feira (18). Foi realizada a [&hellip;]<\/p>\n","protected":false},"author":2,"featured_media":42708,"comment_status":"open","ping_status":"open","sticky":false,"template":"","format":"standard","meta":{"footnotes":""},"categories":[2],"tags":[172],"class_list":["post-42707","post","type-post","status-publish","format-standard","has-post-thumbnail","hentry","category-policial","tag-featured"],"amp_enabled":true,"_links":{"self":[{"href":"https:\/\/radiostudiow.com.br\/site\/wp-json\/wp\/v2\/posts\/42707","targetHints":{"allow":["GET"]}}],"collection":[{"href":"https:\/\/radiostudiow.com.br\/site\/wp-json\/wp\/v2\/posts"}],"about":[{"href":"https:\/\/radiostudiow.com.br\/site\/wp-json\/wp\/v2\/types\/post"}],"author":[{"embeddable":true,"href":"https:\/\/radiostudiow.com.br\/site\/wp-json\/wp\/v2\/users\/2"}],"replies":[{"embeddable":true,"href":"https:\/\/radiostudiow.com.br\/site\/wp-json\/wp\/v2\/comments?post=42707"}],"version-history":[{"count":1,"href":"https:\/\/radiostudiow.com.br\/site\/wp-json\/wp\/v2\/posts\/42707\/revisions"}],"predecessor-version":[{"id":42709,"href":"https:\/\/radiostudiow.com.br\/site\/wp-json\/wp\/v2\/posts\/42707\/revisions\/42709"}],"wp:featuredmedia":[{"embeddable":true,"href":"https:\/\/radiostudiow.com.br\/site\/wp-json\/wp\/v2\/media\/42708"}],"wp:attachment":[{"href":"https:\/\/radiostudiow.com.br\/site\/wp-json\/wp\/v2\/media?parent=42707"}],"wp:term":[{"taxonomy":"category","embeddable":true,"href":"https:\/\/radiostudiow.com.br\/site\/wp-json\/wp\/v2\/categories?post=42707"},{"taxonomy":"post_tag","embeddable":true,"href":"https:\/\/radiostudiow.com.br\/site\/wp-json\/wp\/v2\/tags?post=42707"}],"curies":[{"name":"wp","href":"https:\/\/api.w.org\/{rel}","templated":true}]}}