{"id":42737,"date":"2025-09-20T14:07:19","date_gmt":"2025-09-20T17:07:19","guid":{"rendered":"https:\/\/radiostudiow.com.br\/site\/?p=42737"},"modified":"2025-09-20T14:07:20","modified_gmt":"2025-09-20T17:07:20","slug":"policia-militar-registra-dois-casos-de-violencia-domestica-em-porto-uniao","status":"publish","type":"post","link":"https:\/\/radiostudiow.com.br\/site\/2025\/09\/20\/policia-militar-registra-dois-casos-de-violencia-domestica-em-porto-uniao\/","title":{"rendered":"Pol\u00edcia Militar registra dois casos de viol\u00eancia dom\u00e9stica em Porto Uni\u00e3o"},"content":{"rendered":"\n<figure class=\"wp-block-image size-full\"><img loading=\"lazy\" decoding=\"async\" width=\"897\" height=\"207\" src=\"https:\/\/radiostudiow.com.br\/site\/wp-content\/uploads\/2025\/07\/TIJOLAO.png\" alt=\"\" class=\"wp-image-40184\" srcset=\"https:\/\/radiostudiow.com.br\/site\/wp-content\/uploads\/2025\/07\/TIJOLAO.png 897w, https:\/\/radiostudiow.com.br\/site\/wp-content\/uploads\/2025\/07\/TIJOLAO-300x69.png 300w, https:\/\/radiostudiow.com.br\/site\/wp-content\/uploads\/2025\/07\/TIJOLAO-768x177.png 768w\" sizes=\"auto, (max-width: 897px) 100vw, 897px\" \/><\/figure>\n\n\n\n<p><\/p>\n\n\n\n<p style=\"font-size:21px\">Ontem sexta-feira (19), a Pol\u00edcia Militar de Santa Catarina, com sede em Porto Uni\u00e3o, atendeu duas situa\u00e7\u00f5es de viol\u00eancia dom\u00e9stica registradas em diferentes bairros do munic\u00edpio.<\/p>\n\n\n\n<p style=\"font-size:21px\">Por volta das 11h, no bairro Vila Verde, uma mulher relatou ter sido agredida pelo ex-companheiro com socos e chutes, resultando em diversas escoria\u00e7\u00f5es. Diante da situa\u00e7\u00e3o, foi confeccionado o boletim de ocorr\u00eancia e adotadas as provid\u00eancias legais cab\u00edveis.<\/p>\n\n\n\n<p style=\"font-size:21px\">J\u00e1 \u00e0s 17h30, no bairro Santa Rosa, outra guarni\u00e7\u00e3o atendeu a um caso de vias de fato. A v\u00edtima contou que, durante uma discuss\u00e3o, foi agredida com um tapa na cabe\u00e7a pelo companheiro.<\/p>\n\n\n\n<p style=\"font-size:21px\">Ap\u00f3s a agress\u00e3o, o homem seguiu a mulher em um ve\u00edculo, apresentando comportamento alterado e insistindo em manter contato. As partes foram conduzidas \u00e0 delegacia para os devidos procedimentos legais.<\/p>\n\n\n\n<p>Fonte: 2\u00aa CIA PMPU \/ <a href=\"https:\/\/www.facebook.com\/61560662931135\/posts\/122196681626355431\/?rdid=NJUIaomkXoyWuqMR#\" data-type=\"link\" data-id=\"https:\/\/www.facebook.com\/61560662931135\/posts\/122196681626355431\/?rdid=NJUIaomkXoyWuqMR#\" target=\"_blank\" rel=\"noreferrer noopener\">Assis o Rep\u00f3rter<\/a><\/p>\n\n\n\n<p><\/p>\n\n\n\n<figure class=\"wp-block-image size-full\"><img loading=\"lazy\" decoding=\"async\" width=\"897\" height=\"204\" src=\"https:\/\/radiostudiow.com.br\/site\/wp-content\/uploads\/2025\/01\/SITE-GRANDE3.png\" alt=\"\" class=\"wp-image-32900\" srcset=\"https:\/\/radiostudiow.com.br\/site\/wp-content\/uploads\/2025\/01\/SITE-GRANDE3.png 897w, https:\/\/radiostudiow.com.br\/site\/wp-content\/uploads\/2025\/01\/SITE-GRANDE3-300x68.png 300w, https:\/\/radiostudiow.com.br\/site\/wp-content\/uploads\/2025\/01\/SITE-GRANDE3-768x175.png 768w\" sizes=\"auto, (max-width: 897px) 100vw, 897px\" \/><\/figure>\n","protected":false},"excerpt":{"rendered":"<p>Ontem sexta-feira (19), a Pol\u00edcia Militar de Santa Catarina, com sede em Porto Uni\u00e3o, atendeu duas situa\u00e7\u00f5es de viol\u00eancia dom\u00e9stica registradas em diferentes bairros do munic\u00edpio. Por volta das 11h, no bairro Vila Verde, uma mulher relatou ter sido agredida pelo ex-companheiro com socos e chutes, resultando em diversas escoria\u00e7\u00f5es. Diante da situa\u00e7\u00e3o, foi confeccionado [&hellip;]<\/p>\n","protected":false},"author":2,"featured_media":32594,"comment_status":"open","ping_status":"open","sticky":false,"template":"","format":"standard","meta":{"footnotes":""},"categories":[2,185],"tags":[172],"class_list":["post-42737","post","type-post","status-publish","format-standard","has-post-thumbnail","hentry","category-policial","category-regional","tag-featured"],"amp_enabled":true,"_links":{"self":[{"href":"https:\/\/radiostudiow.com.br\/site\/wp-json\/wp\/v2\/posts\/42737","targetHints":{"allow":["GET"]}}],"collection":[{"href":"https:\/\/radiostudiow.com.br\/site\/wp-json\/wp\/v2\/posts"}],"about":[{"href":"https:\/\/radiostudiow.com.br\/site\/wp-json\/wp\/v2\/types\/post"}],"author":[{"embeddable":true,"href":"https:\/\/radiostudiow.com.br\/site\/wp-json\/wp\/v2\/users\/2"}],"replies":[{"embeddable":true,"href":"https:\/\/radiostudiow.com.br\/site\/wp-json\/wp\/v2\/comments?post=42737"}],"version-history":[{"count":1,"href":"https:\/\/radiostudiow.com.br\/site\/wp-json\/wp\/v2\/posts\/42737\/revisions"}],"predecessor-version":[{"id":42742,"href":"https:\/\/radiostudiow.com.br\/site\/wp-json\/wp\/v2\/posts\/42737\/revisions\/42742"}],"wp:featuredmedia":[{"embeddable":true,"href":"https:\/\/radiostudiow.com.br\/site\/wp-json\/wp\/v2\/media\/32594"}],"wp:attachment":[{"href":"https:\/\/radiostudiow.com.br\/site\/wp-json\/wp\/v2\/media?parent=42737"}],"wp:term":[{"taxonomy":"category","embeddable":true,"href":"https:\/\/radiostudiow.com.br\/site\/wp-json\/wp\/v2\/categories?post=42737"},{"taxonomy":"post_tag","embeddable":true,"href":"https:\/\/radiostudiow.com.br\/site\/wp-json\/wp\/v2\/tags?post=42737"}],"curies":[{"name":"wp","href":"https:\/\/api.w.org\/{rel}","templated":true}]}}