{"id":42739,"date":"2025-09-20T12:04:43","date_gmt":"2025-09-20T15:04:43","guid":{"rendered":"https:\/\/radiostudiow.com.br\/site\/?p=42739"},"modified":"2025-09-20T12:19:07","modified_gmt":"2025-09-20T15:19:07","slug":"prisao-de-dois-homens-com-mandado-em-aberto-e-realizada-pela-policia-militar-em-uniao-da-vitoria","status":"publish","type":"post","link":"https:\/\/radiostudiow.com.br\/site\/2025\/09\/20\/prisao-de-dois-homens-com-mandado-em-aberto-e-realizada-pela-policia-militar-em-uniao-da-vitoria\/","title":{"rendered":"Pris\u00e3o de dois homens com mandado em aberto \u00e9 realizada pela Pol\u00edcia Militar em Uni\u00e3o da Vit\u00f3ria"},"content":{"rendered":"\n<figure class=\"wp-block-image size-full\"><img loading=\"lazy\" decoding=\"async\" width=\"897\" height=\"204\" src=\"https:\/\/radiostudiow.com.br\/site\/wp-content\/uploads\/2025\/01\/SITE-GRANDE3.png\" alt=\"\" class=\"wp-image-32900\" srcset=\"https:\/\/radiostudiow.com.br\/site\/wp-content\/uploads\/2025\/01\/SITE-GRANDE3.png 897w, https:\/\/radiostudiow.com.br\/site\/wp-content\/uploads\/2025\/01\/SITE-GRANDE3-300x68.png 300w, https:\/\/radiostudiow.com.br\/site\/wp-content\/uploads\/2025\/01\/SITE-GRANDE3-768x175.png 768w\" sizes=\"auto, (max-width: 897px) 100vw, 897px\" \/><\/figure>\n\n\n\n<p><\/p>\n\n\n\n<p style=\"font-size:21px\">Na sexta-feira, 19 de setembro, a Pol\u00edcia Militar de Uni\u00e3o da Vit\u00f3ria realizou duas pris\u00f5es de homens que estavam com mandado de pris\u00e3o em aberto.<\/p>\n\n\n\n<p style=\"font-size:21px\">A primeira ocorr\u00eancia foi registrada por volta das 15h20, no bairro Limeira. Durante patrulhamento, a equipe policial avistou um indiv\u00edduo em atitude suspeita em frente a um estabelecimento comercial. <\/p>\n\n\n\n<p style=\"font-size:21px\">Ap\u00f3s abordagem e consulta no sistema, constatou-se que o homem possu\u00eda um mandado de pris\u00e3o expedido pelo Estado de Santa Catarina. Ele recebeu voz de pris\u00e3o e foi encaminhado \u00e0 Unidade Prisional Avan\u00e7ada de Porto Uni\u00e3o.<\/p>\n\n\n\n<p style=\"font-size:21px\">J\u00e1 \u00e0s 22h33, no distrito de S\u00e3o Domingos, os policiais receberam den\u00fancia de que outro homem procurado pela Justi\u00e7a estaria homiziado em uma resid\u00eancia no interior do munic\u00edpio. A equipe deslocou-se ao local, abordou o suspeito e confirmou a exist\u00eancia do mandado de pris\u00e3o ativo. <\/p>\n\n\n\n<p style=\"font-size:21px\">Ele tamb\u00e9m foi preso e conduzido \u00e0 Unidade Prisional Avan\u00e7ada de Porto Uni\u00e3o para as medidas cab\u00edveis.<\/p>\n\n\n\n<p><em>Fonte: 27\u00ba BPM e <a href=\"https:\/\/www.facebook.com\/61560662931135\/posts\/122196680504355431\/?rdid=B7ETMbxlzFzLs0ji#\" data-type=\"link\" data-id=\"https:\/\/www.facebook.com\/61560662931135\/posts\/122196680504355431\/?rdid=B7ETMbxlzFzLs0ji#\" target=\"_blank\" rel=\"noreferrer noopener\">Assis O Rep\u00f3rter<\/a><\/em><\/p>\n\n\n\n<figure class=\"wp-block-image size-full\"><img loading=\"lazy\" decoding=\"async\" width=\"897\" height=\"204\" src=\"https:\/\/radiostudiow.com.br\/site\/wp-content\/uploads\/2025\/03\/image-62.png\" alt=\"\" class=\"wp-image-35859\" srcset=\"https:\/\/radiostudiow.com.br\/site\/wp-content\/uploads\/2025\/03\/image-62.png 897w, https:\/\/radiostudiow.com.br\/site\/wp-content\/uploads\/2025\/03\/image-62-300x68.png 300w, https:\/\/radiostudiow.com.br\/site\/wp-content\/uploads\/2025\/03\/image-62-768x175.png 768w\" sizes=\"auto, (max-width: 897px) 100vw, 897px\" \/><\/figure>\n","protected":false},"excerpt":{"rendered":"<p>Na sexta-feira, 19 de setembro, a Pol\u00edcia Militar de Uni\u00e3o da Vit\u00f3ria realizou duas pris\u00f5es de homens que estavam com mandado de pris\u00e3o em aberto. A primeira ocorr\u00eancia foi registrada por volta das 15h20, no bairro Limeira. Durante patrulhamento, a equipe policial avistou um indiv\u00edduo em atitude suspeita em frente a um estabelecimento comercial. Ap\u00f3s [&hellip;]<\/p>\n","protected":false},"author":2,"featured_media":14208,"comment_status":"open","ping_status":"open","sticky":false,"template":"","format":"standard","meta":{"footnotes":""},"categories":[2,185],"tags":[172],"class_list":["post-42739","post","type-post","status-publish","format-standard","has-post-thumbnail","hentry","category-policial","category-regional","tag-featured"],"amp_enabled":true,"_links":{"self":[{"href":"https:\/\/radiostudiow.com.br\/site\/wp-json\/wp\/v2\/posts\/42739","targetHints":{"allow":["GET"]}}],"collection":[{"href":"https:\/\/radiostudiow.com.br\/site\/wp-json\/wp\/v2\/posts"}],"about":[{"href":"https:\/\/radiostudiow.com.br\/site\/wp-json\/wp\/v2\/types\/post"}],"author":[{"embeddable":true,"href":"https:\/\/radiostudiow.com.br\/site\/wp-json\/wp\/v2\/users\/2"}],"replies":[{"embeddable":true,"href":"https:\/\/radiostudiow.com.br\/site\/wp-json\/wp\/v2\/comments?post=42739"}],"version-history":[{"count":2,"href":"https:\/\/radiostudiow.com.br\/site\/wp-json\/wp\/v2\/posts\/42739\/revisions"}],"predecessor-version":[{"id":42741,"href":"https:\/\/radiostudiow.com.br\/site\/wp-json\/wp\/v2\/posts\/42739\/revisions\/42741"}],"wp:featuredmedia":[{"embeddable":true,"href":"https:\/\/radiostudiow.com.br\/site\/wp-json\/wp\/v2\/media\/14208"}],"wp:attachment":[{"href":"https:\/\/radiostudiow.com.br\/site\/wp-json\/wp\/v2\/media?parent=42739"}],"wp:term":[{"taxonomy":"category","embeddable":true,"href":"https:\/\/radiostudiow.com.br\/site\/wp-json\/wp\/v2\/categories?post=42739"},{"taxonomy":"post_tag","embeddable":true,"href":"https:\/\/radiostudiow.com.br\/site\/wp-json\/wp\/v2\/tags?post=42739"}],"curies":[{"name":"wp","href":"https:\/\/api.w.org\/{rel}","templated":true}]}}