{"id":42743,"date":"2025-09-20T15:16:45","date_gmt":"2025-09-20T18:16:45","guid":{"rendered":"https:\/\/radiostudiow.com.br\/site\/?p=42743"},"modified":"2025-09-20T15:16:46","modified_gmt":"2025-09-20T18:16:46","slug":"homem-de-66-anos-morre-em-acidente-de-trabalho-com-trator-no-interior-de-canoinhas","status":"publish","type":"post","link":"https:\/\/radiostudiow.com.br\/site\/2025\/09\/20\/homem-de-66-anos-morre-em-acidente-de-trabalho-com-trator-no-interior-de-canoinhas\/","title":{"rendered":"Homem de 66 anos morre em acidente de trabalho com trator no interior de Canoinhas"},"content":{"rendered":"\n<figure class=\"wp-block-image size-full\"><img loading=\"lazy\" decoding=\"async\" width=\"897\" height=\"204\" src=\"https:\/\/radiostudiow.com.br\/site\/wp-content\/uploads\/2025\/03\/BARAO-NOVO-NOTICIAS-1.jpg\" alt=\"\" class=\"wp-image-35084\" srcset=\"https:\/\/radiostudiow.com.br\/site\/wp-content\/uploads\/2025\/03\/BARAO-NOVO-NOTICIAS-1.jpg 897w, https:\/\/radiostudiow.com.br\/site\/wp-content\/uploads\/2025\/03\/BARAO-NOVO-NOTICIAS-1-300x68.jpg 300w, https:\/\/radiostudiow.com.br\/site\/wp-content\/uploads\/2025\/03\/BARAO-NOVO-NOTICIAS-1-768x175.jpg 768w\" sizes=\"auto, (max-width: 897px) 100vw, 897px\" \/><\/figure>\n\n\n\n<p><\/p>\n\n\n\n<p style=\"font-size:21px\">Um acidente de trabalho resultou na morte de um homem de 66 anos na tarde desta sexta-feira (19), no interior de Canoinhas. O caso ocorreu por volta das 14h48, na Rua Jo\u00e3o Muller, em uma \u00e1rea rural do munic\u00edpio.<\/p>\n\n\n\n<p style=\"font-size:21px\">Segundo informa\u00e7\u00f5es do Corpo de Bombeiros Militar de Canoinhas, as guarni\u00e7\u00f5es foram acionadas pela Central de Opera\u00e7\u00f5es Bombeiro Militar ap\u00f3s a informa\u00e7\u00e3o de que um maquin\u00e1rio agr\u00edcola havia tombado pr\u00f3ximo a uma lavoura.<\/p>\n\n\n\n<p style=\"font-size:21px\">Ao chegarem ao local, os socorristas encontraram um trator virado \u00e0s margens de um riacho, com a v\u00edtima presa sob o ve\u00edculo.<\/p>\n\n\n\n<p style=\"font-size:21px\">O homem apresentava encarceramento f\u00edsico e aus\u00eancia de sinais vitais. De acordo com os bombeiros, os ferimentos eram incompat\u00edveis com a vida, o que impossibilitou qualquer tentativa de reanima\u00e7\u00e3o. Diante da gravidade da situa\u00e7\u00e3o, a \u00e1rea foi isolada para preservar o local do acidente.<\/p>\n\n\n\n<p style=\"font-size:21px\">As Pol\u00edcias Civil e Cient\u00edfica foram acionadas para realizar os levantamentos necess\u00e1rios e apurar as circunst\u00e2ncias do ocorrido.<\/p>\n\n\n\n<p style=\"font-size:21px\">Ap\u00f3s a conclus\u00e3o dos trabalhos periciais, a v\u00edtima foi desencarcerada e retirada debaixo do trator pelos bombeiros. Em seguida, o corpo foi encaminhado \u00e0 Pol\u00edcia Cient\u00edfica para os devidos procedimentos legais.<\/p>\n\n\n\n<p><\/p>\n\n\n\n<figure class=\"wp-block-image size-large\"><img loading=\"lazy\" decoding=\"async\" width=\"1024\" height=\"768\" src=\"https:\/\/radiostudiow.com.br\/site\/wp-content\/uploads\/2025\/09\/Imagem-do-WhatsApp-de-2025-09-20-as-11.00.05_63da14fb-1024x768.jpg\" alt=\"\" class=\"wp-image-42744\" srcset=\"https:\/\/radiostudiow.com.br\/site\/wp-content\/uploads\/2025\/09\/Imagem-do-WhatsApp-de-2025-09-20-as-11.00.05_63da14fb-1024x768.jpg 1024w, https:\/\/radiostudiow.com.br\/site\/wp-content\/uploads\/2025\/09\/Imagem-do-WhatsApp-de-2025-09-20-as-11.00.05_63da14fb-300x225.jpg 300w, https:\/\/radiostudiow.com.br\/site\/wp-content\/uploads\/2025\/09\/Imagem-do-WhatsApp-de-2025-09-20-as-11.00.05_63da14fb-768x576.jpg 768w, https:\/\/radiostudiow.com.br\/site\/wp-content\/uploads\/2025\/09\/Imagem-do-WhatsApp-de-2025-09-20-as-11.00.05_63da14fb.jpg 1280w\" sizes=\"auto, (max-width: 1024px) 100vw, 1024px\" \/><\/figure>\n\n\n\n<p><\/p>\n\n\n\n<figure class=\"wp-block-image size-large\"><img loading=\"lazy\" decoding=\"async\" width=\"577\" height=\"1024\" src=\"https:\/\/radiostudiow.com.br\/site\/wp-content\/uploads\/2025\/09\/Imagem-do-WhatsApp-de-2025-09-20-as-11.00.04_0526b12a-577x1024.jpg\" alt=\"\" class=\"wp-image-42745\" srcset=\"https:\/\/radiostudiow.com.br\/site\/wp-content\/uploads\/2025\/09\/Imagem-do-WhatsApp-de-2025-09-20-as-11.00.04_0526b12a-577x1024.jpg 577w, https:\/\/radiostudiow.com.br\/site\/wp-content\/uploads\/2025\/09\/Imagem-do-WhatsApp-de-2025-09-20-as-11.00.04_0526b12a-169x300.jpg 169w, https:\/\/radiostudiow.com.br\/site\/wp-content\/uploads\/2025\/09\/Imagem-do-WhatsApp-de-2025-09-20-as-11.00.04_0526b12a-768x1364.jpg 768w, https:\/\/radiostudiow.com.br\/site\/wp-content\/uploads\/2025\/09\/Imagem-do-WhatsApp-de-2025-09-20-as-11.00.04_0526b12a-865x1536.jpg 865w, https:\/\/radiostudiow.com.br\/site\/wp-content\/uploads\/2025\/09\/Imagem-do-WhatsApp-de-2025-09-20-as-11.00.04_0526b12a.jpg 901w\" sizes=\"auto, (max-width: 577px) 100vw, 577px\" \/><\/figure>\n\n\n\n<p><\/p>\n\n\n\n<figure class=\"wp-block-image size-large\"><img loading=\"lazy\" decoding=\"async\" width=\"768\" height=\"1024\" src=\"https:\/\/radiostudiow.com.br\/site\/wp-content\/uploads\/2025\/09\/Imagem-do-WhatsApp-de-2025-09-20-as-11.00.05_442f2f86-768x1024.jpg\" alt=\"\" class=\"wp-image-42746\" srcset=\"https:\/\/radiostudiow.com.br\/site\/wp-content\/uploads\/2025\/09\/Imagem-do-WhatsApp-de-2025-09-20-as-11.00.05_442f2f86-768x1024.jpg 768w, https:\/\/radiostudiow.com.br\/site\/wp-content\/uploads\/2025\/09\/Imagem-do-WhatsApp-de-2025-09-20-as-11.00.05_442f2f86-225x300.jpg 225w, https:\/\/radiostudiow.com.br\/site\/wp-content\/uploads\/2025\/09\/Imagem-do-WhatsApp-de-2025-09-20-as-11.00.05_442f2f86.jpg 960w\" sizes=\"auto, (max-width: 768px) 100vw, 768px\" \/><\/figure>\n\n\n\n<p><\/p>\n\n\n\n<figure class=\"wp-block-image size-full\"><img loading=\"lazy\" decoding=\"async\" width=\"897\" height=\"204\" src=\"https:\/\/radiostudiow.com.br\/site\/wp-content\/uploads\/2025\/06\/BARROS.png\" alt=\"\" class=\"wp-image-39575\" srcset=\"https:\/\/radiostudiow.com.br\/site\/wp-content\/uploads\/2025\/06\/BARROS.png 897w, https:\/\/radiostudiow.com.br\/site\/wp-content\/uploads\/2025\/06\/BARROS-300x68.png 300w, https:\/\/radiostudiow.com.br\/site\/wp-content\/uploads\/2025\/06\/BARROS-768x175.png 768w\" sizes=\"auto, (max-width: 897px) 100vw, 897px\" \/><\/figure>\n","protected":false},"excerpt":{"rendered":"<p>Um acidente de trabalho resultou na morte de um homem de 66 anos na tarde desta sexta-feira (19), no interior de Canoinhas. O caso ocorreu por volta das 14h48, na Rua Jo\u00e3o Muller, em uma \u00e1rea rural do munic\u00edpio. Segundo informa\u00e7\u00f5es do Corpo de Bombeiros Militar de Canoinhas, as guarni\u00e7\u00f5es foram acionadas pela Central de [&hellip;]<\/p>\n","protected":false},"author":2,"featured_media":42744,"comment_status":"open","ping_status":"open","sticky":false,"template":"","format":"standard","meta":{"footnotes":""},"categories":[2,185],"tags":[172],"class_list":["post-42743","post","type-post","status-publish","format-standard","has-post-thumbnail","hentry","category-policial","category-regional","tag-featured"],"amp_enabled":true,"_links":{"self":[{"href":"https:\/\/radiostudiow.com.br\/site\/wp-json\/wp\/v2\/posts\/42743","targetHints":{"allow":["GET"]}}],"collection":[{"href":"https:\/\/radiostudiow.com.br\/site\/wp-json\/wp\/v2\/posts"}],"about":[{"href":"https:\/\/radiostudiow.com.br\/site\/wp-json\/wp\/v2\/types\/post"}],"author":[{"embeddable":true,"href":"https:\/\/radiostudiow.com.br\/site\/wp-json\/wp\/v2\/users\/2"}],"replies":[{"embeddable":true,"href":"https:\/\/radiostudiow.com.br\/site\/wp-json\/wp\/v2\/comments?post=42743"}],"version-history":[{"count":1,"href":"https:\/\/radiostudiow.com.br\/site\/wp-json\/wp\/v2\/posts\/42743\/revisions"}],"predecessor-version":[{"id":42747,"href":"https:\/\/radiostudiow.com.br\/site\/wp-json\/wp\/v2\/posts\/42743\/revisions\/42747"}],"wp:featuredmedia":[{"embeddable":true,"href":"https:\/\/radiostudiow.com.br\/site\/wp-json\/wp\/v2\/media\/42744"}],"wp:attachment":[{"href":"https:\/\/radiostudiow.com.br\/site\/wp-json\/wp\/v2\/media?parent=42743"}],"wp:term":[{"taxonomy":"category","embeddable":true,"href":"https:\/\/radiostudiow.com.br\/site\/wp-json\/wp\/v2\/categories?post=42743"},{"taxonomy":"post_tag","embeddable":true,"href":"https:\/\/radiostudiow.com.br\/site\/wp-json\/wp\/v2\/tags?post=42743"}],"curies":[{"name":"wp","href":"https:\/\/api.w.org\/{rel}","templated":true}]}}