{"id":42749,"date":"2025-09-22T10:26:21","date_gmt":"2025-09-22T13:26:21","guid":{"rendered":"https:\/\/radiostudiow.com.br\/site\/?p=42749"},"modified":"2025-09-22T10:26:21","modified_gmt":"2025-09-22T13:26:21","slug":"policia-militar-prende-tres-suspeitos-e-apreende-maconha-em-duas-acoes-em-sao-mateus-do-sul","status":"publish","type":"post","link":"https:\/\/radiostudiow.com.br\/site\/2025\/09\/22\/policia-militar-prende-tres-suspeitos-e-apreende-maconha-em-duas-acoes-em-sao-mateus-do-sul\/","title":{"rendered":"Pol\u00edcia Militar prende tr\u00eas suspeitos e apreende maconha em duas a\u00e7\u00f5es em S\u00e3o Mateus do Sul"},"content":{"rendered":"\n<figure class=\"wp-block-image size-full\"><img loading=\"lazy\" decoding=\"async\" width=\"897\" height=\"204\" src=\"https:\/\/radiostudiow.com.br\/site\/wp-content\/uploads\/2025\/03\/image-62.png\" alt=\"\" class=\"wp-image-35859\" srcset=\"https:\/\/radiostudiow.com.br\/site\/wp-content\/uploads\/2025\/03\/image-62.png 897w, https:\/\/radiostudiow.com.br\/site\/wp-content\/uploads\/2025\/03\/image-62-300x68.png 300w, https:\/\/radiostudiow.com.br\/site\/wp-content\/uploads\/2025\/03\/image-62-768x175.png 768w\" sizes=\"auto, (max-width: 897px) 100vw, 897px\" \/><\/figure>\n\n\n\n<p><\/p>\n\n\n\n<p class=\"has-medium-font-size\"><strong>A Pol\u00edcia Militar realizou, neste domingo (21), duas opera\u00e7\u00f5es distintas que resultaram na pris\u00e3o de tr\u00eas pessoas e na apreens\u00e3o de maconha em diferentes pontos da cidade.<\/strong><\/p>\n\n\n\n<p class=\"has-medium-font-size\">A primeira ocorr\u00eancia aconteceu por volta das 10h, durante patrulhamento no centro. Uma equipe abordou um ve\u00edculo suspeito e encontrou tabletes de maconha em seu interior. Os ocupantes do carro confessaram envolvimento no tr\u00e1fico de drogas e foram encaminhados \u00e0 3\u00aa Subdivis\u00e3o Policial para os procedimentos legais.<\/p>\n\n\n\n<figure class=\"wp-block-image size-full\"><img loading=\"lazy\" decoding=\"async\" width=\"897\" height=\"207\" src=\"https:\/\/radiostudiow.com.br\/site\/wp-content\/uploads\/2025\/07\/TIJOLAO.png\" alt=\"\" class=\"wp-image-40184\" srcset=\"https:\/\/radiostudiow.com.br\/site\/wp-content\/uploads\/2025\/07\/TIJOLAO.png 897w, https:\/\/radiostudiow.com.br\/site\/wp-content\/uploads\/2025\/07\/TIJOLAO-300x69.png 300w, https:\/\/radiostudiow.com.br\/site\/wp-content\/uploads\/2025\/07\/TIJOLAO-768x177.png 768w\" sizes=\"auto, (max-width: 897px) 100vw, 897px\" \/><\/figure>\n\n\n\n<p><\/p>\n\n\n\n<p class=\"has-medium-font-size\">Horas depois, por volta das 19h, outra equipe da PM patrulhava a regi\u00e3o da Usina Velha quando percebeu um homem tentando se livrar de uma sacola em uma \u00e1rea de mata. No pacote havia por\u00e7\u00f5es de maconha j\u00e1 fracionadas e prontas para venda, al\u00e9m de meio tablete da mesma subst\u00e2ncia localizado em seguida. O suspeito tamb\u00e9m foi preso e levado \u00e0 Delegacia de Pol\u00edcia Civil, ficando \u00e0 disposi\u00e7\u00e3o da Justi\u00e7a.<\/p>\n\n\n\n<p><strong>As a\u00e7\u00f5es integradas refor\u00e7am o combate ao tr\u00e1fico de drogas no munic\u00edpio, segundo informa\u00e7\u00f5es do 27\u00ba Batalh\u00e3o da Pol\u00edcia Militar.<\/strong><\/p>\n","protected":false},"excerpt":{"rendered":"<p>A Pol\u00edcia Militar realizou, neste domingo (21), duas opera\u00e7\u00f5es distintas que resultaram na pris\u00e3o de tr\u00eas pessoas e na apreens\u00e3o de maconha em diferentes pontos da cidade. A primeira ocorr\u00eancia aconteceu por volta das 10h, durante patrulhamento no centro. Uma equipe abordou um ve\u00edculo suspeito e encontrou tabletes de maconha em seu interior. Os ocupantes [&hellip;]<\/p>\n","protected":false},"author":2,"featured_media":42750,"comment_status":"open","ping_status":"open","sticky":false,"template":"","format":"standard","meta":{"footnotes":""},"categories":[2],"tags":[172],"class_list":["post-42749","post","type-post","status-publish","format-standard","has-post-thumbnail","hentry","category-policial","tag-featured"],"amp_enabled":true,"_links":{"self":[{"href":"https:\/\/radiostudiow.com.br\/site\/wp-json\/wp\/v2\/posts\/42749","targetHints":{"allow":["GET"]}}],"collection":[{"href":"https:\/\/radiostudiow.com.br\/site\/wp-json\/wp\/v2\/posts"}],"about":[{"href":"https:\/\/radiostudiow.com.br\/site\/wp-json\/wp\/v2\/types\/post"}],"author":[{"embeddable":true,"href":"https:\/\/radiostudiow.com.br\/site\/wp-json\/wp\/v2\/users\/2"}],"replies":[{"embeddable":true,"href":"https:\/\/radiostudiow.com.br\/site\/wp-json\/wp\/v2\/comments?post=42749"}],"version-history":[{"count":1,"href":"https:\/\/radiostudiow.com.br\/site\/wp-json\/wp\/v2\/posts\/42749\/revisions"}],"predecessor-version":[{"id":42751,"href":"https:\/\/radiostudiow.com.br\/site\/wp-json\/wp\/v2\/posts\/42749\/revisions\/42751"}],"wp:featuredmedia":[{"embeddable":true,"href":"https:\/\/radiostudiow.com.br\/site\/wp-json\/wp\/v2\/media\/42750"}],"wp:attachment":[{"href":"https:\/\/radiostudiow.com.br\/site\/wp-json\/wp\/v2\/media?parent=42749"}],"wp:term":[{"taxonomy":"category","embeddable":true,"href":"https:\/\/radiostudiow.com.br\/site\/wp-json\/wp\/v2\/categories?post=42749"},{"taxonomy":"post_tag","embeddable":true,"href":"https:\/\/radiostudiow.com.br\/site\/wp-json\/wp\/v2\/tags?post=42749"}],"curies":[{"name":"wp","href":"https:\/\/api.w.org\/{rel}","templated":true}]}}