{"id":42752,"date":"2025-09-22T10:44:54","date_gmt":"2025-09-22T13:44:54","guid":{"rendered":"https:\/\/radiostudiow.com.br\/site\/?p=42752"},"modified":"2025-09-22T10:44:55","modified_gmt":"2025-09-22T13:44:55","slug":"ciclista-fica-ferido-em-colisao-com-veiculo-no-bairro-sao-gabriel-em-uniao-da-vitoria","status":"publish","type":"post","link":"https:\/\/radiostudiow.com.br\/site\/2025\/09\/22\/ciclista-fica-ferido-em-colisao-com-veiculo-no-bairro-sao-gabriel-em-uniao-da-vitoria\/","title":{"rendered":"Ciclista fica ferido em colis\u00e3o com ve\u00edculo no bairro S\u00e3o Gabriel, em Uni\u00e3o da Vit\u00f3ria"},"content":{"rendered":"\n<figure class=\"wp-block-image size-full\"><img loading=\"lazy\" decoding=\"async\" width=\"897\" height=\"204\" src=\"https:\/\/radiostudiow.com.br\/site\/wp-content\/uploads\/2025\/03\/BARAO-NOVO-NOTICIAS-1.jpg\" alt=\"\" class=\"wp-image-35084\" srcset=\"https:\/\/radiostudiow.com.br\/site\/wp-content\/uploads\/2025\/03\/BARAO-NOVO-NOTICIAS-1.jpg 897w, https:\/\/radiostudiow.com.br\/site\/wp-content\/uploads\/2025\/03\/BARAO-NOVO-NOTICIAS-1-300x68.jpg 300w, https:\/\/radiostudiow.com.br\/site\/wp-content\/uploads\/2025\/03\/BARAO-NOVO-NOTICIAS-1-768x175.jpg 768w\" sizes=\"auto, (max-width: 897px) 100vw, 897px\" \/><\/figure>\n\n\n\n<p class=\"has-medium-font-size\"><strong>Um jovem ciclista ficou ferido ap\u00f3s um acidente de tr\u00e2nsito registrado na noite de domingo (21), por volta das 18h30, no acesso ao loteamento Furlan, em frente a uma empresa de extra\u00e7\u00e3o de areia, no bairro S\u00e3o Gabriel.<\/strong><\/p>\n\n\n\n<p class=\"has-medium-font-size\">De acordo com informa\u00e7\u00f5es repassadas pela Pol\u00edcia Militar Rodovi\u00e1ria, a colis\u00e3o envolveu uma VW Saveiro preta, com placas do Brasil, e uma bicicleta azul com detalhes pretos. O impacto foi violento, provocando danos significativos tanto na bicicleta quanto no ve\u00edculo.<\/p>\n\n\n\n<p>O ciclista, que apresentava suspeita de fraturas, foi socorrido pelos bombeiros, consciente e orientado, e encaminhado para atendimento m\u00e9dico. Populares que presenciaram a ocorr\u00eancia relataram dificuldade para acionar os servi\u00e7os de emerg\u00eancia, pois as liga\u00e7\u00f5es para os n\u00fameros 193 (Bombeiros) e 192 (SAMU) n\u00e3o completavam.<\/p>\n\n\n\n<figure class=\"wp-block-image size-full\"><img loading=\"lazy\" decoding=\"async\" width=\"897\" height=\"204\" src=\"https:\/\/radiostudiow.com.br\/site\/wp-content\/uploads\/2025\/06\/BARROS.png\" alt=\"\" class=\"wp-image-39575\" srcset=\"https:\/\/radiostudiow.com.br\/site\/wp-content\/uploads\/2025\/06\/BARROS.png 897w, https:\/\/radiostudiow.com.br\/site\/wp-content\/uploads\/2025\/06\/BARROS-300x68.png 300w, https:\/\/radiostudiow.com.br\/site\/wp-content\/uploads\/2025\/06\/BARROS-768x175.png 768w\" sizes=\"auto, (max-width: 897px) 100vw, 897px\" \/><\/figure>\n\n\n\n<p><\/p>\n\n\n\n<p>As autoridades refor\u00e7am que, em caso de necessidade, o contato emergencial do SAMU pode ser feito tamb\u00e9m pelo n\u00famero reserva <strong>(41) 9 3350-9001<\/strong>, enquanto o servi\u00e7o principal permanece com instabilidade.<\/p>\n\n\n\n<p class=\"has-medium-font-size\">A Pol\u00edcia Militar Rodovi\u00e1ria confeccionou o boletim de ocorr\u00eancia e investiga as circunst\u00e2ncias do acidente.<\/p>\n\n\n\n<h2 class=\"wp-block-heading\"><strong>Fonte: ASSIS O REP\u00d3RTER<\/strong><\/h2>\n\n\n\n<p><\/p>\n","protected":false},"excerpt":{"rendered":"<p>Um jovem ciclista ficou ferido ap\u00f3s um acidente de tr\u00e2nsito registrado na noite de domingo (21), por volta das 18h30, no acesso ao loteamento Furlan, em frente a uma empresa de extra\u00e7\u00e3o de areia, no bairro S\u00e3o Gabriel. De acordo com informa\u00e7\u00f5es repassadas pela Pol\u00edcia Militar Rodovi\u00e1ria, a colis\u00e3o envolveu uma VW Saveiro preta, com [&hellip;]<\/p>\n","protected":false},"author":2,"featured_media":42753,"comment_status":"open","ping_status":"open","sticky":false,"template":"","format":"standard","meta":{"footnotes":""},"categories":[185],"tags":[172],"class_list":["post-42752","post","type-post","status-publish","format-standard","has-post-thumbnail","hentry","category-regional","tag-featured"],"amp_enabled":true,"_links":{"self":[{"href":"https:\/\/radiostudiow.com.br\/site\/wp-json\/wp\/v2\/posts\/42752","targetHints":{"allow":["GET"]}}],"collection":[{"href":"https:\/\/radiostudiow.com.br\/site\/wp-json\/wp\/v2\/posts"}],"about":[{"href":"https:\/\/radiostudiow.com.br\/site\/wp-json\/wp\/v2\/types\/post"}],"author":[{"embeddable":true,"href":"https:\/\/radiostudiow.com.br\/site\/wp-json\/wp\/v2\/users\/2"}],"replies":[{"embeddable":true,"href":"https:\/\/radiostudiow.com.br\/site\/wp-json\/wp\/v2\/comments?post=42752"}],"version-history":[{"count":1,"href":"https:\/\/radiostudiow.com.br\/site\/wp-json\/wp\/v2\/posts\/42752\/revisions"}],"predecessor-version":[{"id":42754,"href":"https:\/\/radiostudiow.com.br\/site\/wp-json\/wp\/v2\/posts\/42752\/revisions\/42754"}],"wp:featuredmedia":[{"embeddable":true,"href":"https:\/\/radiostudiow.com.br\/site\/wp-json\/wp\/v2\/media\/42753"}],"wp:attachment":[{"href":"https:\/\/radiostudiow.com.br\/site\/wp-json\/wp\/v2\/media?parent=42752"}],"wp:term":[{"taxonomy":"category","embeddable":true,"href":"https:\/\/radiostudiow.com.br\/site\/wp-json\/wp\/v2\/categories?post=42752"},{"taxonomy":"post_tag","embeddable":true,"href":"https:\/\/radiostudiow.com.br\/site\/wp-json\/wp\/v2\/tags?post=42752"}],"curies":[{"name":"wp","href":"https:\/\/api.w.org\/{rel}","templated":true}]}}