{"id":42755,"date":"2025-09-22T15:22:23","date_gmt":"2025-09-22T18:22:23","guid":{"rendered":"https:\/\/radiostudiow.com.br\/site\/?p=42755"},"modified":"2025-09-22T15:22:24","modified_gmt":"2025-09-22T18:22:24","slug":"homem-e-preso-por-violencia-domestica-e-ameaca-de-morte-em-reboucas","status":"publish","type":"post","link":"https:\/\/radiostudiow.com.br\/site\/2025\/09\/22\/homem-e-preso-por-violencia-domestica-e-ameaca-de-morte-em-reboucas\/","title":{"rendered":"Homem \u00e9 preso por viol\u00eancia dom\u00e9stica e amea\u00e7a de morte em Rebou\u00e7as"},"content":{"rendered":"\n<figure class=\"wp-block-image size-full\"><img loading=\"lazy\" decoding=\"async\" width=\"897\" height=\"204\" src=\"https:\/\/radiostudiow.com.br\/site\/wp-content\/uploads\/2025\/02\/SITE-GRANDE7.png\" alt=\"\" class=\"wp-image-33861\" srcset=\"https:\/\/radiostudiow.com.br\/site\/wp-content\/uploads\/2025\/02\/SITE-GRANDE7.png 897w, https:\/\/radiostudiow.com.br\/site\/wp-content\/uploads\/2025\/02\/SITE-GRANDE7-300x68.png 300w, https:\/\/radiostudiow.com.br\/site\/wp-content\/uploads\/2025\/02\/SITE-GRANDE7-768x175.png 768w\" sizes=\"auto, (max-width: 897px) 100vw, 897px\" \/><\/figure>\n\n\n\n<p>Um homem foi preso na tarde deste domingo (21) em Rebou\u00e7as ap\u00f3s agredir a pr\u00f3pria filha e amea\u00e7ar matar a tia. O caso ocorreu por volta das 17h30, na Vila Fac\u00e3o.<\/p>\n\n\n\n<p class=\"has-medium-font-size\"><strong>Segundo a Pol\u00edcia Militar, a equipe encontrou o suspeito sentado no meio-fio, com diversos ferimentos, afirmando ser \u201ccadeieiro\u201d e dizendo que n\u00e3o tinha medo de voltar para a pris\u00e3o. A filha, bastante abalada, relatou que o pai havia usado coca\u00edna e se tornou agressivo, quebrando a porta da resid\u00eancia. Durante o surto, ele deu um tapa em seu rosto, sendo contido pelo irm\u00e3o da jovem, que impediu novas agress\u00f5es.<\/strong><\/p>\n\n\n\n<figure class=\"wp-block-gallery has-nested-images columns-default is-cropped wp-block-gallery-1 is-layout-flex wp-block-gallery-is-layout-flex\">\n<figure class=\"wp-block-image size-large\"><img loading=\"lazy\" decoding=\"async\" width=\"1024\" height=\"614\" data-id=\"38784\" src=\"https:\/\/radiostudiow.com.br\/site\/wp-content\/uploads\/2025\/05\/5914fcac-c2b4-4795-a120-dc162c4a6466-1024x614.jpg\" alt=\"\" class=\"wp-image-38784\" srcset=\"https:\/\/radiostudiow.com.br\/site\/wp-content\/uploads\/2025\/05\/5914fcac-c2b4-4795-a120-dc162c4a6466-1024x614.jpg 1024w, https:\/\/radiostudiow.com.br\/site\/wp-content\/uploads\/2025\/05\/5914fcac-c2b4-4795-a120-dc162c4a6466-300x180.jpg 300w, https:\/\/radiostudiow.com.br\/site\/wp-content\/uploads\/2025\/05\/5914fcac-c2b4-4795-a120-dc162c4a6466-768x460.jpg 768w, https:\/\/radiostudiow.com.br\/site\/wp-content\/uploads\/2025\/05\/5914fcac-c2b4-4795-a120-dc162c4a6466-1536x921.jpg 1536w, https:\/\/radiostudiow.com.br\/site\/wp-content\/uploads\/2025\/05\/5914fcac-c2b4-4795-a120-dc162c4a6466-1000x600.jpg 1000w, https:\/\/radiostudiow.com.br\/site\/wp-content\/uploads\/2025\/05\/5914fcac-c2b4-4795-a120-dc162c4a6466-590x354.jpg 590w, https:\/\/radiostudiow.com.br\/site\/wp-content\/uploads\/2025\/05\/5914fcac-c2b4-4795-a120-dc162c4a6466-400x240.jpg 400w, https:\/\/radiostudiow.com.br\/site\/wp-content\/uploads\/2025\/05\/5914fcac-c2b4-4795-a120-dc162c4a6466.jpg 1600w\" sizes=\"auto, (max-width: 1024px) 100vw, 1024px\" \/><\/figure>\n\n\n\n<figure class=\"wp-block-image size-large\"><img loading=\"lazy\" decoding=\"async\" width=\"300\" height=\"180\" data-id=\"38014\" src=\"https:\/\/radiostudiow.com.br\/site\/wp-content\/uploads\/2025\/05\/VANE.png\" alt=\"\" class=\"wp-image-38014\"\/><\/figure>\n<\/figure>\n\n\n\n<p>A v\u00edtima contou ainda que o pai havia sa\u00eddo da cadeia na \u00faltima segunda-feira (15), onde estava preso por viol\u00eancia dom\u00e9stica contra a pr\u00f3pria tia. Como n\u00e3o tinha para onde ir, ela o acolheu em casa. No entanto, neste domingo, ele teria declarado a inten\u00e7\u00e3o de ir at\u00e9 a resid\u00eancia da tia para mat\u00e1-la.<\/p>\n\n\n\n<p class=\"has-medium-font-size\"><strong>Ao receber voz de pris\u00e3o, o homem tentou fugir e reagiu com chutes e socos, obrigando os policiais a utilizarem spray de pimenta para cont\u00ea-lo. Ele foi levado ao Hospital Municipal de Rebou\u00e7as para realiza\u00e7\u00e3o de laudo de les\u00f5es corporais e, em seguida, encaminhado \u00e0 Delegacia de Pol\u00edcia Civil de Irati, onde permanece \u00e0 disposi\u00e7\u00e3o da Justi\u00e7a.<\/strong><\/p>\n\n\n\n<p class=\"has-medium-font-size\">A filha informou que pretende solicitar uma medida protetiva de urg\u00eancia.<\/p>\n\n\n\n<h2 class=\"wp-block-heading\"><strong>Fonte: 8\u00aa CIA da PMPR &#8211; Colabora\u00e7\u00e3o Rep\u00f3rter Kiko de Oliveira<\/strong><\/h2>\n","protected":false},"excerpt":{"rendered":"<p>Um homem foi preso na tarde deste domingo (21) em Rebou\u00e7as ap\u00f3s agredir a pr\u00f3pria filha e amea\u00e7ar matar a tia. O caso ocorreu por volta das 17h30, na Vila Fac\u00e3o. Segundo a Pol\u00edcia Militar, a equipe encontrou o suspeito sentado no meio-fio, com diversos ferimentos, afirmando ser \u201ccadeieiro\u201d e dizendo que n\u00e3o tinha medo [&hellip;]<\/p>\n","protected":false},"author":2,"featured_media":1357,"comment_status":"open","ping_status":"open","sticky":false,"template":"","format":"standard","meta":{"footnotes":""},"categories":[2],"tags":[172],"class_list":["post-42755","post","type-post","status-publish","format-standard","has-post-thumbnail","hentry","category-policial","tag-featured"],"amp_enabled":true,"_links":{"self":[{"href":"https:\/\/radiostudiow.com.br\/site\/wp-json\/wp\/v2\/posts\/42755","targetHints":{"allow":["GET"]}}],"collection":[{"href":"https:\/\/radiostudiow.com.br\/site\/wp-json\/wp\/v2\/posts"}],"about":[{"href":"https:\/\/radiostudiow.com.br\/site\/wp-json\/wp\/v2\/types\/post"}],"author":[{"embeddable":true,"href":"https:\/\/radiostudiow.com.br\/site\/wp-json\/wp\/v2\/users\/2"}],"replies":[{"embeddable":true,"href":"https:\/\/radiostudiow.com.br\/site\/wp-json\/wp\/v2\/comments?post=42755"}],"version-history":[{"count":1,"href":"https:\/\/radiostudiow.com.br\/site\/wp-json\/wp\/v2\/posts\/42755\/revisions"}],"predecessor-version":[{"id":42756,"href":"https:\/\/radiostudiow.com.br\/site\/wp-json\/wp\/v2\/posts\/42755\/revisions\/42756"}],"wp:featuredmedia":[{"embeddable":true,"href":"https:\/\/radiostudiow.com.br\/site\/wp-json\/wp\/v2\/media\/1357"}],"wp:attachment":[{"href":"https:\/\/radiostudiow.com.br\/site\/wp-json\/wp\/v2\/media?parent=42755"}],"wp:term":[{"taxonomy":"category","embeddable":true,"href":"https:\/\/radiostudiow.com.br\/site\/wp-json\/wp\/v2\/categories?post=42755"},{"taxonomy":"post_tag","embeddable":true,"href":"https:\/\/radiostudiow.com.br\/site\/wp-json\/wp\/v2\/tags?post=42755"}],"curies":[{"name":"wp","href":"https:\/\/api.w.org\/{rel}","templated":true}]}}