{"id":42757,"date":"2025-09-22T15:49:05","date_gmt":"2025-09-22T18:49:05","guid":{"rendered":"https:\/\/radiostudiow.com.br\/site\/?p=42757"},"modified":"2025-09-22T15:49:05","modified_gmt":"2025-09-22T18:49:05","slug":"dra-andreza-lordani-matheus-venancio-medica-conhecida-em-uniao-da-vitoria-morre-aos-48-anos","status":"publish","type":"post","link":"https:\/\/radiostudiow.com.br\/site\/2025\/09\/22\/dra-andreza-lordani-matheus-venancio-medica-conhecida-em-uniao-da-vitoria-morre-aos-48-anos\/","title":{"rendered":"Dra. Andreza Lordani Matheus Ven\u00e2ncio m\u00e9dica conhecida em Uni\u00e3o da Vit\u00f3ria morre aos 48 anos"},"content":{"rendered":"\n<figure class=\"wp-block-image size-full\"><img loading=\"lazy\" decoding=\"async\" width=\"897\" height=\"204\" src=\"https:\/\/radiostudiow.com.br\/site\/wp-content\/uploads\/2025\/02\/SITE-GRANDE7.png\" alt=\"\" class=\"wp-image-33861\" srcset=\"https:\/\/radiostudiow.com.br\/site\/wp-content\/uploads\/2025\/02\/SITE-GRANDE7.png 897w, https:\/\/radiostudiow.com.br\/site\/wp-content\/uploads\/2025\/02\/SITE-GRANDE7-300x68.png 300w, https:\/\/radiostudiow.com.br\/site\/wp-content\/uploads\/2025\/02\/SITE-GRANDE7-768x175.png 768w\" sizes=\"auto, (max-width: 897px) 100vw, 897px\" \/><\/figure>\n\n\n\n<p><strong>A m\u00e9dica Andreza Lordani Matheus Ven\u00e2ncio, de 48 anos, faleceu neste domingo, 21 de setembro, em Uni\u00e3o da Vit\u00f3ria. As causas da morte n\u00e3o foram divulgadas.<\/strong><\/p>\n\n\n\n<p>Natural de Bandeirantes (PR), nasceu em 10 de outubro de 1976 e dedicou sua vida \u00e0 sa\u00fade, com longa atua\u00e7\u00e3o no hospital APMI, onde era reconhecida pela compet\u00eancia e pelo cuidado com os pacientes. Al\u00e9m disso, tamb\u00e9m contribuiu para a forma\u00e7\u00e3o de novos profissionais como professora na Universidade do Contestado (UnC), campus de Porto Uni\u00e3o.<\/p>\n\n\n\n<p><strong>O vel\u00f3rio ocorre a partir das 22h desta segunda-feira, no Velat\u00f3rio Santa Rita. A cerim\u00f4nia de homenagem ser\u00e1 realizada na ter\u00e7a-feira, 23, em hor\u00e1rio a ser confirmado, seguida da crema\u00e7\u00e3o no Memorial Vale do Igua\u00e7u.<\/strong><\/p>\n\n\n\n<figure class=\"wp-block-image size-full is-resized\"><img loading=\"lazy\" decoding=\"async\" width=\"1024\" height=\"591\" src=\"https:\/\/radiostudiow.com.br\/site\/wp-content\/uploads\/2025\/09\/9ee3a8aa-4214-4782-8bfd-7658edcb46f9.jpg\" alt=\"\" class=\"wp-image-42758\" style=\"width:565px;height:auto\" srcset=\"https:\/\/radiostudiow.com.br\/site\/wp-content\/uploads\/2025\/09\/9ee3a8aa-4214-4782-8bfd-7658edcb46f9.jpg 1024w, https:\/\/radiostudiow.com.br\/site\/wp-content\/uploads\/2025\/09\/9ee3a8aa-4214-4782-8bfd-7658edcb46f9-300x173.jpg 300w, https:\/\/radiostudiow.com.br\/site\/wp-content\/uploads\/2025\/09\/9ee3a8aa-4214-4782-8bfd-7658edcb46f9-768x443.jpg 768w\" sizes=\"auto, (max-width: 1024px) 100vw, 1024px\" \/><\/figure>\n\n\n\n<p><\/p>\n\n\n\n<p class=\"has-medium-font-size\"><strong>Andreza era casada e deixa dois filhos. Sua partida gera grande como\u00e7\u00e3o entre familiares, amigos, colegas de profiss\u00e3o, ex-alunos e pacientes.<\/strong><\/p>\n\n\n\n<h2 class=\"wp-block-heading\">INFORMA\u00c7\u00d5ES: Portal VVALE<\/h2>\n\n\n\n<p><\/p>\n","protected":false},"excerpt":{"rendered":"<p>A m\u00e9dica Andreza Lordani Matheus Ven\u00e2ncio, de 48 anos, faleceu neste domingo, 21 de setembro, em Uni\u00e3o da Vit\u00f3ria. As causas da morte n\u00e3o foram divulgadas. Natural de Bandeirantes (PR), nasceu em 10 de outubro de 1976 e dedicou sua vida \u00e0 sa\u00fade, com longa atua\u00e7\u00e3o no hospital APMI, onde era reconhecida pela compet\u00eancia e [&hellip;]<\/p>\n","protected":false},"author":2,"featured_media":42759,"comment_status":"open","ping_status":"open","sticky":false,"template":"","format":"standard","meta":{"footnotes":""},"categories":[185],"tags":[172],"class_list":["post-42757","post","type-post","status-publish","format-standard","has-post-thumbnail","hentry","category-regional","tag-featured"],"amp_enabled":true,"_links":{"self":[{"href":"https:\/\/radiostudiow.com.br\/site\/wp-json\/wp\/v2\/posts\/42757","targetHints":{"allow":["GET"]}}],"collection":[{"href":"https:\/\/radiostudiow.com.br\/site\/wp-json\/wp\/v2\/posts"}],"about":[{"href":"https:\/\/radiostudiow.com.br\/site\/wp-json\/wp\/v2\/types\/post"}],"author":[{"embeddable":true,"href":"https:\/\/radiostudiow.com.br\/site\/wp-json\/wp\/v2\/users\/2"}],"replies":[{"embeddable":true,"href":"https:\/\/radiostudiow.com.br\/site\/wp-json\/wp\/v2\/comments?post=42757"}],"version-history":[{"count":1,"href":"https:\/\/radiostudiow.com.br\/site\/wp-json\/wp\/v2\/posts\/42757\/revisions"}],"predecessor-version":[{"id":42760,"href":"https:\/\/radiostudiow.com.br\/site\/wp-json\/wp\/v2\/posts\/42757\/revisions\/42760"}],"wp:featuredmedia":[{"embeddable":true,"href":"https:\/\/radiostudiow.com.br\/site\/wp-json\/wp\/v2\/media\/42759"}],"wp:attachment":[{"href":"https:\/\/radiostudiow.com.br\/site\/wp-json\/wp\/v2\/media?parent=42757"}],"wp:term":[{"taxonomy":"category","embeddable":true,"href":"https:\/\/radiostudiow.com.br\/site\/wp-json\/wp\/v2\/categories?post=42757"},{"taxonomy":"post_tag","embeddable":true,"href":"https:\/\/radiostudiow.com.br\/site\/wp-json\/wp\/v2\/tags?post=42757"}],"curies":[{"name":"wp","href":"https:\/\/api.w.org\/{rel}","templated":true}]}}