{"id":42770,"date":"2025-09-23T09:41:37","date_gmt":"2025-09-23T12:41:37","guid":{"rendered":"https:\/\/radiostudiow.com.br\/site\/?p=42770"},"modified":"2025-09-23T09:41:38","modified_gmt":"2025-09-23T12:41:38","slug":"policia-militar-de-general-carneiro-prende-homem-e-preso-por-violencia-domestica-e-resistencia-armada","status":"publish","type":"post","link":"https:\/\/radiostudiow.com.br\/site\/2025\/09\/23\/policia-militar-de-general-carneiro-prende-homem-e-preso-por-violencia-domestica-e-resistencia-armada\/","title":{"rendered":"Pol\u00edcia Militar de General Carneiro prende homem \u00e9 preso por viol\u00eancia dom\u00e9stica e resist\u00eancia armada"},"content":{"rendered":"\n<figure class=\"wp-block-image size-full\"><img loading=\"lazy\" decoding=\"async\" width=\"897\" height=\"204\" src=\"https:\/\/radiostudiow.com.br\/site\/wp-content\/uploads\/2025\/03\/image-62.png\" alt=\"\" class=\"wp-image-35859\" srcset=\"https:\/\/radiostudiow.com.br\/site\/wp-content\/uploads\/2025\/03\/image-62.png 897w, https:\/\/radiostudiow.com.br\/site\/wp-content\/uploads\/2025\/03\/image-62-300x68.png 300w, https:\/\/radiostudiow.com.br\/site\/wp-content\/uploads\/2025\/03\/image-62-768x175.png 768w\" sizes=\"auto, (max-width: 897px) 100vw, 897px\" \/><\/figure>\n\n\n\n<p>A equipe da Pol\u00edcia Militar de General Carneiro prendeu um homem por viol\u00eancia dom\u00e9stica no bairro S\u00e3o Jo\u00e3o por volta das 20h20min na noite desta segunda-feira (22).<\/p>\n\n\n\n<p>O suspeito, que havia danificado a resid\u00eancia da v\u00edtima com um fac\u00e3o e fugido, resistiu \u00e0 abordagem policial e proferiu amea\u00e7as contra a equipe.<\/p>\n\n\n\n<p>A equipe policial foi acionada para atender a ocorr\u00eancia de\u00a0viol\u00eancia dom\u00e9stica.\u00a0No local, foi informado que o agressor teria danificado a casa da v\u00edtima e se evadido.<\/p>\n\n\n\n<p>Durante as buscas, os policiais localizaram o suspeito escondido nas proximidades da resid\u00eancia, ainda portando a arma branca.<\/p>\n\n\n\n<figure class=\"wp-block-image size-full\"><img loading=\"lazy\" decoding=\"async\" width=\"598\" height=\"204\" src=\"https:\/\/radiostudiow.com.br\/site\/wp-content\/uploads\/2024\/01\/SITE-MEDIO.png\" alt=\"\" class=\"wp-image-18916\" srcset=\"https:\/\/radiostudiow.com.br\/site\/wp-content\/uploads\/2024\/01\/SITE-MEDIO.png 598w, https:\/\/radiostudiow.com.br\/site\/wp-content\/uploads\/2024\/01\/SITE-MEDIO-300x102.png 300w\" sizes=\"auto, (max-width: 598px) 100vw, 598px\" \/><\/figure>\n\n\n\n<p>O homem apresentava sinais vis\u00edveis de embriaguez e resistiu \u00e0 abordagem, proferindo amea\u00e7as contra os policiais.<\/p>\n\n\n\n<p>Ap\u00f3s diversas tentativas de verbaliza\u00e7\u00e3o sem sucesso para que ele se entregasse, foi necess\u00e1rio o uso de arma de impacto controlado (Taser) e espargidor qu\u00edmico para cont\u00ea-lo.<\/p>\n\n\n\n<p>Ap\u00f3s ser imobilizado e algemado, o agressor foi encaminhado \u00e0 Delegacia de Pol\u00edcia Civil para os procedimentos legais cab\u00edveis.<\/p>\n","protected":false},"excerpt":{"rendered":"<p>A equipe da Pol\u00edcia Militar de General Carneiro prendeu um homem por viol\u00eancia dom\u00e9stica no bairro S\u00e3o Jo\u00e3o por volta das 20h20min na noite desta segunda-feira (22). O suspeito, que havia danificado a resid\u00eancia da v\u00edtima com um fac\u00e3o e fugido, resistiu \u00e0 abordagem policial e proferiu amea\u00e7as contra a equipe. A equipe policial foi [&hellip;]<\/p>\n","protected":false},"author":2,"featured_media":32845,"comment_status":"open","ping_status":"open","sticky":false,"template":"","format":"standard","meta":{"footnotes":""},"categories":[2],"tags":[172],"class_list":["post-42770","post","type-post","status-publish","format-standard","has-post-thumbnail","hentry","category-policial","tag-featured"],"amp_enabled":true,"_links":{"self":[{"href":"https:\/\/radiostudiow.com.br\/site\/wp-json\/wp\/v2\/posts\/42770","targetHints":{"allow":["GET"]}}],"collection":[{"href":"https:\/\/radiostudiow.com.br\/site\/wp-json\/wp\/v2\/posts"}],"about":[{"href":"https:\/\/radiostudiow.com.br\/site\/wp-json\/wp\/v2\/types\/post"}],"author":[{"embeddable":true,"href":"https:\/\/radiostudiow.com.br\/site\/wp-json\/wp\/v2\/users\/2"}],"replies":[{"embeddable":true,"href":"https:\/\/radiostudiow.com.br\/site\/wp-json\/wp\/v2\/comments?post=42770"}],"version-history":[{"count":1,"href":"https:\/\/radiostudiow.com.br\/site\/wp-json\/wp\/v2\/posts\/42770\/revisions"}],"predecessor-version":[{"id":42771,"href":"https:\/\/radiostudiow.com.br\/site\/wp-json\/wp\/v2\/posts\/42770\/revisions\/42771"}],"wp:featuredmedia":[{"embeddable":true,"href":"https:\/\/radiostudiow.com.br\/site\/wp-json\/wp\/v2\/media\/32845"}],"wp:attachment":[{"href":"https:\/\/radiostudiow.com.br\/site\/wp-json\/wp\/v2\/media?parent=42770"}],"wp:term":[{"taxonomy":"category","embeddable":true,"href":"https:\/\/radiostudiow.com.br\/site\/wp-json\/wp\/v2\/categories?post=42770"},{"taxonomy":"post_tag","embeddable":true,"href":"https:\/\/radiostudiow.com.br\/site\/wp-json\/wp\/v2\/tags?post=42770"}],"curies":[{"name":"wp","href":"https:\/\/api.w.org\/{rel}","templated":true}]}}