{"id":42772,"date":"2025-09-23T09:53:49","date_gmt":"2025-09-23T12:53:49","guid":{"rendered":"https:\/\/radiostudiow.com.br\/site\/?p=42772"},"modified":"2025-09-23T09:53:49","modified_gmt":"2025-09-23T12:53:49","slug":"policia-militar-de-porto-vitoria-recuperou-veiculo-furtado-apos-acompanhamento-na-pr-446","status":"publish","type":"post","link":"https:\/\/radiostudiow.com.br\/site\/2025\/09\/23\/policia-militar-de-porto-vitoria-recuperou-veiculo-furtado-apos-acompanhamento-na-pr-446\/","title":{"rendered":"Pol\u00edcia Militar de Porto Vit\u00f3ria recuperou ve\u00edculo furtado ap\u00f3s acompanhamento na PR-446"},"content":{"rendered":"\n<figure class=\"wp-block-image size-full\"><img loading=\"lazy\" decoding=\"async\" width=\"897\" height=\"204\" src=\"https:\/\/radiostudiow.com.br\/site\/wp-content\/uploads\/2025\/03\/BARAO-NOVO-NOTICIAS-1.jpg\" alt=\"\" class=\"wp-image-35084\" srcset=\"https:\/\/radiostudiow.com.br\/site\/wp-content\/uploads\/2025\/03\/BARAO-NOVO-NOTICIAS-1.jpg 897w, https:\/\/radiostudiow.com.br\/site\/wp-content\/uploads\/2025\/03\/BARAO-NOVO-NOTICIAS-1-300x68.jpg 300w, https:\/\/radiostudiow.com.br\/site\/wp-content\/uploads\/2025\/03\/BARAO-NOVO-NOTICIAS-1-768x175.jpg 768w\" sizes=\"auto, (max-width: 897px) 100vw, 897px\" \/><\/figure>\n\n\n\n<p>A equipe da Pol\u00edcia Militar recuperou um ve\u00edculo Fiat Uno com alerta de furto que trafegava pela PR-446, na \u00e1rea rural entre\u00a0Bituruna e Porto Vit\u00f3ria por volta das 21h50min da noite desta segunda-feira (22).<\/p>\n\n\n\n<p>A equipe policial avistou o Fiat Uno de imediato identificou com alerta de furto, deu in\u00edcio ao acompanhamento. Ao avistar a viatura, os ocupantes abandonaram o carro e fugiram para uma \u00e1rea de mata fechada. Os suspeitos n\u00e3o foram localizados.<\/p>\n\n\n\n<p>O ve\u00edculo, furtado no munic\u00edpio de Paulo Frontin, estava com liga\u00e7\u00e3o direta, sem chaves, com danos vis\u00edveis. Foi apreendido pela equipe e conduzido \u00e0 delegacia de Uni\u00e3o da Vit\u00f3ria para os procedimentos cab\u00edveis.<\/p>\n\n\n\n<figure class=\"wp-block-image size-full\"><img loading=\"lazy\" decoding=\"async\" width=\"598\" height=\"204\" src=\"https:\/\/radiostudiow.com.br\/site\/wp-content\/uploads\/2025\/01\/SITE-MEDIO7.png\" alt=\"\" class=\"wp-image-32801\" srcset=\"https:\/\/radiostudiow.com.br\/site\/wp-content\/uploads\/2025\/01\/SITE-MEDIO7.png 598w, https:\/\/radiostudiow.com.br\/site\/wp-content\/uploads\/2025\/01\/SITE-MEDIO7-300x102.png 300w\" sizes=\"auto, (max-width: 598px) 100vw, 598px\" \/><\/figure>\n\n\n\n<p><a href=\"mailto:?subject=Ve%C3%ADculo%20furtado%20em%20Paulo%20Frontin%20foi%20recuperado%20no%20interior%20de%20Porto%20Vit%C3%B3ria&amp;body=https:\/\/www.vvale.com.br\/seguranca\/veiculo-furtado-em-paulo-frontin-foi-recuperado-no-interior-de-porto-vitoria\/\" target=\"_blank\" rel=\"noreferrer noopener\"><\/a><\/p>\n","protected":false},"excerpt":{"rendered":"<p>A equipe da Pol\u00edcia Militar recuperou um ve\u00edculo Fiat Uno com alerta de furto que trafegava pela PR-446, na \u00e1rea rural entre\u00a0Bituruna e Porto Vit\u00f3ria por volta das 21h50min da noite desta segunda-feira (22). A equipe policial avistou o Fiat Uno de imediato identificou com alerta de furto, deu in\u00edcio ao acompanhamento. Ao avistar a [&hellip;]<\/p>\n","protected":false},"author":2,"featured_media":42773,"comment_status":"open","ping_status":"open","sticky":false,"template":"","format":"standard","meta":{"footnotes":""},"categories":[2],"tags":[172],"class_list":["post-42772","post","type-post","status-publish","format-standard","has-post-thumbnail","hentry","category-policial","tag-featured"],"amp_enabled":true,"_links":{"self":[{"href":"https:\/\/radiostudiow.com.br\/site\/wp-json\/wp\/v2\/posts\/42772","targetHints":{"allow":["GET"]}}],"collection":[{"href":"https:\/\/radiostudiow.com.br\/site\/wp-json\/wp\/v2\/posts"}],"about":[{"href":"https:\/\/radiostudiow.com.br\/site\/wp-json\/wp\/v2\/types\/post"}],"author":[{"embeddable":true,"href":"https:\/\/radiostudiow.com.br\/site\/wp-json\/wp\/v2\/users\/2"}],"replies":[{"embeddable":true,"href":"https:\/\/radiostudiow.com.br\/site\/wp-json\/wp\/v2\/comments?post=42772"}],"version-history":[{"count":1,"href":"https:\/\/radiostudiow.com.br\/site\/wp-json\/wp\/v2\/posts\/42772\/revisions"}],"predecessor-version":[{"id":42774,"href":"https:\/\/radiostudiow.com.br\/site\/wp-json\/wp\/v2\/posts\/42772\/revisions\/42774"}],"wp:featuredmedia":[{"embeddable":true,"href":"https:\/\/radiostudiow.com.br\/site\/wp-json\/wp\/v2\/media\/42773"}],"wp:attachment":[{"href":"https:\/\/radiostudiow.com.br\/site\/wp-json\/wp\/v2\/media?parent=42772"}],"wp:term":[{"taxonomy":"category","embeddable":true,"href":"https:\/\/radiostudiow.com.br\/site\/wp-json\/wp\/v2\/categories?post=42772"},{"taxonomy":"post_tag","embeddable":true,"href":"https:\/\/radiostudiow.com.br\/site\/wp-json\/wp\/v2\/tags?post=42772"}],"curies":[{"name":"wp","href":"https:\/\/api.w.org\/{rel}","templated":true}]}}