{"id":42775,"date":"2025-09-23T11:13:41","date_gmt":"2025-09-23T14:13:41","guid":{"rendered":"https:\/\/radiostudiow.com.br\/site\/?p=42775"},"modified":"2025-09-23T11:13:42","modified_gmt":"2025-09-23T14:13:42","slug":"policia-militar-apreende-veiculo-com-216-kg-de-maconha-em-irati","status":"publish","type":"post","link":"https:\/\/radiostudiow.com.br\/site\/2025\/09\/23\/policia-militar-apreende-veiculo-com-216-kg-de-maconha-em-irati\/","title":{"rendered":"Pol\u00edcia Militar apreende ve\u00edculo com 216 kg de maconha em Irati"},"content":{"rendered":"\n<figure class=\"wp-block-image size-full\"><img loading=\"lazy\" decoding=\"async\" width=\"897\" height=\"204\" src=\"https:\/\/radiostudiow.com.br\/site\/wp-content\/uploads\/2025\/02\/SITE-GRANDE7.png\" alt=\"\" class=\"wp-image-33861\" srcset=\"https:\/\/radiostudiow.com.br\/site\/wp-content\/uploads\/2025\/02\/SITE-GRANDE7.png 897w, https:\/\/radiostudiow.com.br\/site\/wp-content\/uploads\/2025\/02\/SITE-GRANDE7-300x68.png 300w, https:\/\/radiostudiow.com.br\/site\/wp-content\/uploads\/2025\/02\/SITE-GRANDE7-768x175.png 768w\" sizes=\"auto, (max-width: 897px) 100vw, 897px\" \/><\/figure>\n\n\n\n<p>A equipe policial durante patrulhamento avistou um ve\u00edculo Peugeot 408 da cor prata, com a suspens\u00e3o traseira rebaixada, o que indicava poss\u00edvel carga excessiva no porta-malas. A ocorr\u00eancia de tr\u00e1fico de drogas ocorreu na noite de ontem 21\/09, por volta das 23h14, na PR-364 na localidade de Rio Corrente, na \u00e1rea rural de Irati<\/p>\n\n\n\n<p>Ap\u00f3s abordagem, foram identificados os ocupantes: o condutor, sua esposa e um passageiro. Nada de il\u00edcito foi encontrado com os homens durante busca pessoal, mas ao serem questionados sobre o conte\u00fado do porta-malas, dois deles afirmaram que estavam transportando maconha, sem saber a quantidade exata.<\/p>\n\n\n\n<figure class=\"wp-block-image size-full\"><img loading=\"lazy\" decoding=\"async\" width=\"598\" height=\"204\" src=\"https:\/\/radiostudiow.com.br\/site\/wp-content\/uploads\/2025\/05\/BEAZY.jpg.png\" alt=\"\" class=\"wp-image-38197\" srcset=\"https:\/\/radiostudiow.com.br\/site\/wp-content\/uploads\/2025\/05\/BEAZY.jpg.png 598w, https:\/\/radiostudiow.com.br\/site\/wp-content\/uploads\/2025\/05\/BEAZY.jpg-300x102.png 300w\" sizes=\"auto, (max-width: 598px) 100vw, 598px\" \/><\/figure>\n\n\n\n<p>Tamb\u00e9m foram localizadas seis placas de ve\u00edculos diferentes, todas relacionadas ao mesmo modelo e cor de autom\u00f3vel.<\/p>\n\n\n\n<p>Questionados sobre as drogas e as placas, os abordados preferiram permanecer em sil\u00eancio. Os envolvidos foram levados ao Pronto atendimento Municipal para realiza\u00e7\u00e3o de laudo de les\u00e3o corporal e posteriormente entregues, juntamente com a droga, \u00e0 Delegacia de Pol\u00edcia Civil de Irati<\/p>\n\n\n\n<p class=\"has-text-align-center\"><em>Informa\u00e7\u00f5es e Imagens 8\u00b0CIPM \/ Colabora\u00e7\u00e3o Rep\u00f3rter Kiko de Oliveira<\/em><\/p>\n","protected":false},"excerpt":{"rendered":"<p>A equipe policial durante patrulhamento avistou um ve\u00edculo Peugeot 408 da cor prata, com a suspens\u00e3o traseira rebaixada, o que indicava poss\u00edvel carga excessiva no porta-malas. A ocorr\u00eancia de tr\u00e1fico de drogas ocorreu na noite de ontem 21\/09, por volta das 23h14, na PR-364 na localidade de Rio Corrente, na \u00e1rea rural de Irati Ap\u00f3s [&hellip;]<\/p>\n","protected":false},"author":2,"featured_media":42777,"comment_status":"open","ping_status":"open","sticky":false,"template":"","format":"standard","meta":{"footnotes":""},"categories":[2],"tags":[172],"class_list":["post-42775","post","type-post","status-publish","format-standard","has-post-thumbnail","hentry","category-policial","tag-featured"],"amp_enabled":true,"_links":{"self":[{"href":"https:\/\/radiostudiow.com.br\/site\/wp-json\/wp\/v2\/posts\/42775","targetHints":{"allow":["GET"]}}],"collection":[{"href":"https:\/\/radiostudiow.com.br\/site\/wp-json\/wp\/v2\/posts"}],"about":[{"href":"https:\/\/radiostudiow.com.br\/site\/wp-json\/wp\/v2\/types\/post"}],"author":[{"embeddable":true,"href":"https:\/\/radiostudiow.com.br\/site\/wp-json\/wp\/v2\/users\/2"}],"replies":[{"embeddable":true,"href":"https:\/\/radiostudiow.com.br\/site\/wp-json\/wp\/v2\/comments?post=42775"}],"version-history":[{"count":1,"href":"https:\/\/radiostudiow.com.br\/site\/wp-json\/wp\/v2\/posts\/42775\/revisions"}],"predecessor-version":[{"id":42778,"href":"https:\/\/radiostudiow.com.br\/site\/wp-json\/wp\/v2\/posts\/42775\/revisions\/42778"}],"wp:featuredmedia":[{"embeddable":true,"href":"https:\/\/radiostudiow.com.br\/site\/wp-json\/wp\/v2\/media\/42777"}],"wp:attachment":[{"href":"https:\/\/radiostudiow.com.br\/site\/wp-json\/wp\/v2\/media?parent=42775"}],"wp:term":[{"taxonomy":"category","embeddable":true,"href":"https:\/\/radiostudiow.com.br\/site\/wp-json\/wp\/v2\/categories?post=42775"},{"taxonomy":"post_tag","embeddable":true,"href":"https:\/\/radiostudiow.com.br\/site\/wp-json\/wp\/v2\/tags?post=42775"}],"curies":[{"name":"wp","href":"https:\/\/api.w.org\/{rel}","templated":true}]}}