{"id":42789,"date":"2025-09-24T11:28:08","date_gmt":"2025-09-24T14:28:08","guid":{"rendered":"https:\/\/radiostudiow.com.br\/site\/?p=42789"},"modified":"2025-09-24T11:28:08","modified_gmt":"2025-09-24T14:28:08","slug":"policia-militar-de-bituruna-prende-homem-por-violencia-domestica","status":"publish","type":"post","link":"https:\/\/radiostudiow.com.br\/site\/2025\/09\/24\/policia-militar-de-bituruna-prende-homem-por-violencia-domestica\/","title":{"rendered":"Pol\u00edcia Militar de Bituruna prende homem por viol\u00eancia dom\u00e9stica"},"content":{"rendered":"\n<figure class=\"wp-block-image size-full\"><img loading=\"lazy\" decoding=\"async\" width=\"897\" height=\"204\" src=\"https:\/\/radiostudiow.com.br\/site\/wp-content\/uploads\/2025\/05\/NUTRI-MALLET.png\" alt=\"\" class=\"wp-image-37813\" srcset=\"https:\/\/radiostudiow.com.br\/site\/wp-content\/uploads\/2025\/05\/NUTRI-MALLET.png 897w, https:\/\/radiostudiow.com.br\/site\/wp-content\/uploads\/2025\/05\/NUTRI-MALLET-300x68.png 300w, https:\/\/radiostudiow.com.br\/site\/wp-content\/uploads\/2025\/05\/NUTRI-MALLET-768x175.png 768w\" sizes=\"auto, (max-width: 897px) 100vw, 897px\" \/><\/figure>\n\n\n\n<p><br>A equipe da Pol\u00edcia Militar de Bituruna foi acionada para atendimento de uma mulher vitima de viol\u00eancia dom\u00e9stica por volta das 19h35min dessa ter\u00e7a-feira (23).<\/p>\n\n\n\n<p>A v\u00edtima estava sendo atendida no hospital municipal, no bairro S\u00e3o Francisco, quando a equipe m\u00e9dica acionou aos policiais.<\/p>\n\n\n\n<p>Ap\u00f3s coletar informa\u00e7\u00f5es sobre autoria, foi poss\u00edvel a localiza\u00e7\u00e3o do autor que foi preso e encaminhado \u00e0 4\u00aa SDP para provid\u00eancias legais<\/p>\n\n\n\n<figure class=\"wp-block-image size-full\"><img loading=\"lazy\" decoding=\"async\" width=\"598\" height=\"204\" src=\"https:\/\/radiostudiow.com.br\/site\/wp-content\/uploads\/2024\/10\/labirati.png\" alt=\"\" class=\"wp-image-28854\" srcset=\"https:\/\/radiostudiow.com.br\/site\/wp-content\/uploads\/2024\/10\/labirati.png 598w, https:\/\/radiostudiow.com.br\/site\/wp-content\/uploads\/2024\/10\/labirati-300x102.png 300w\" sizes=\"auto, (max-width: 598px) 100vw, 598px\" \/><\/figure>\n","protected":false},"excerpt":{"rendered":"<p>A equipe da Pol\u00edcia Militar de Bituruna foi acionada para atendimento de uma mulher vitima de viol\u00eancia dom\u00e9stica por volta das 19h35min dessa ter\u00e7a-feira (23). A v\u00edtima estava sendo atendida no hospital municipal, no bairro S\u00e3o Francisco, quando a equipe m\u00e9dica acionou aos policiais. Ap\u00f3s coletar informa\u00e7\u00f5es sobre autoria, foi poss\u00edvel a localiza\u00e7\u00e3o do autor [&hellip;]<\/p>\n","protected":false},"author":2,"featured_media":33899,"comment_status":"open","ping_status":"open","sticky":false,"template":"","format":"standard","meta":{"footnotes":""},"categories":[2],"tags":[172],"class_list":["post-42789","post","type-post","status-publish","format-standard","has-post-thumbnail","hentry","category-policial","tag-featured"],"amp_enabled":true,"_links":{"self":[{"href":"https:\/\/radiostudiow.com.br\/site\/wp-json\/wp\/v2\/posts\/42789","targetHints":{"allow":["GET"]}}],"collection":[{"href":"https:\/\/radiostudiow.com.br\/site\/wp-json\/wp\/v2\/posts"}],"about":[{"href":"https:\/\/radiostudiow.com.br\/site\/wp-json\/wp\/v2\/types\/post"}],"author":[{"embeddable":true,"href":"https:\/\/radiostudiow.com.br\/site\/wp-json\/wp\/v2\/users\/2"}],"replies":[{"embeddable":true,"href":"https:\/\/radiostudiow.com.br\/site\/wp-json\/wp\/v2\/comments?post=42789"}],"version-history":[{"count":1,"href":"https:\/\/radiostudiow.com.br\/site\/wp-json\/wp\/v2\/posts\/42789\/revisions"}],"predecessor-version":[{"id":42790,"href":"https:\/\/radiostudiow.com.br\/site\/wp-json\/wp\/v2\/posts\/42789\/revisions\/42790"}],"wp:featuredmedia":[{"embeddable":true,"href":"https:\/\/radiostudiow.com.br\/site\/wp-json\/wp\/v2\/media\/33899"}],"wp:attachment":[{"href":"https:\/\/radiostudiow.com.br\/site\/wp-json\/wp\/v2\/media?parent=42789"}],"wp:term":[{"taxonomy":"category","embeddable":true,"href":"https:\/\/radiostudiow.com.br\/site\/wp-json\/wp\/v2\/categories?post=42789"},{"taxonomy":"post_tag","embeddable":true,"href":"https:\/\/radiostudiow.com.br\/site\/wp-json\/wp\/v2\/tags?post=42789"}],"curies":[{"name":"wp","href":"https:\/\/api.w.org\/{rel}","templated":true}]}}