{"id":42793,"date":"2025-09-24T12:03:05","date_gmt":"2025-09-24T15:03:05","guid":{"rendered":"https:\/\/radiostudiow.com.br\/site\/?p=42793"},"modified":"2025-09-24T12:03:05","modified_gmt":"2025-09-24T15:03:05","slug":"policia-militar-prende-dono-de-bar-por-trafico-de-drogas-em-uniao-da-vitoria","status":"publish","type":"post","link":"https:\/\/radiostudiow.com.br\/site\/2025\/09\/24\/policia-militar-prende-dono-de-bar-por-trafico-de-drogas-em-uniao-da-vitoria\/","title":{"rendered":"Pol\u00edcia Militar prende dono de bar por tr\u00e1fico de drogas em Uni\u00e3o da Vit\u00f3ria"},"content":{"rendered":"\n<figure class=\"wp-block-image size-full\"><img loading=\"lazy\" decoding=\"async\" width=\"897\" height=\"204\" src=\"https:\/\/radiostudiow.com.br\/site\/wp-content\/uploads\/2025\/02\/SITE-GRANDE7.png\" alt=\"\" class=\"wp-image-33861\" srcset=\"https:\/\/radiostudiow.com.br\/site\/wp-content\/uploads\/2025\/02\/SITE-GRANDE7.png 897w, https:\/\/radiostudiow.com.br\/site\/wp-content\/uploads\/2025\/02\/SITE-GRANDE7-300x68.png 300w, https:\/\/radiostudiow.com.br\/site\/wp-content\/uploads\/2025\/02\/SITE-GRANDE7-768x175.png 768w\" sizes=\"auto, (max-width: 897px) 100vw, 897px\" \/><\/figure>\n\n\n\n<p><br>A equipe da Pol\u00edcia Militar de Uni\u00e3o da Vit\u00f3ria realizou uma abordagem a estabelecimento comercial por possuir den\u00fancia de tr\u00e1fico no bairro Horst Waldraff por volta das 17h30min dessa ter\u00e7a-feira (23).<\/p>\n\n\n\n<p>Foi abordado o propriet\u00e1rio do bar, o qual dispensou um inv\u00f3lucro pl\u00e1stico contendo 17 pedras de crack e duas fra\u00e7\u00f5es de maconha.<\/p>\n\n\n\n<p>Diante da situa\u00e7\u00e3o o autor foi detido e encaminhado a 4\u00aa SDP para provid\u00eancias legais.<\/p>\n\n\n\n<figure class=\"wp-block-image size-full\"><img loading=\"lazy\" decoding=\"async\" width=\"598\" height=\"204\" src=\"https:\/\/radiostudiow.com.br\/site\/wp-content\/uploads\/2025\/05\/POLAK.png\" alt=\"\" class=\"wp-image-37847\" srcset=\"https:\/\/radiostudiow.com.br\/site\/wp-content\/uploads\/2025\/05\/POLAK.png 598w, https:\/\/radiostudiow.com.br\/site\/wp-content\/uploads\/2025\/05\/POLAK-300x102.png 300w\" sizes=\"auto, (max-width: 598px) 100vw, 598px\" \/><\/figure>\n","protected":false},"excerpt":{"rendered":"<p>A equipe da Pol\u00edcia Militar de Uni\u00e3o da Vit\u00f3ria realizou uma abordagem a estabelecimento comercial por possuir den\u00fancia de tr\u00e1fico no bairro Horst Waldraff por volta das 17h30min dessa ter\u00e7a-feira (23). Foi abordado o propriet\u00e1rio do bar, o qual dispensou um inv\u00f3lucro pl\u00e1stico contendo 17 pedras de crack e duas fra\u00e7\u00f5es de maconha. Diante da [&hellip;]<\/p>\n","protected":false},"author":2,"featured_media":42794,"comment_status":"open","ping_status":"open","sticky":false,"template":"","format":"standard","meta":{"footnotes":""},"categories":[2],"tags":[172],"class_list":["post-42793","post","type-post","status-publish","format-standard","has-post-thumbnail","hentry","category-policial","tag-featured"],"amp_enabled":true,"_links":{"self":[{"href":"https:\/\/radiostudiow.com.br\/site\/wp-json\/wp\/v2\/posts\/42793","targetHints":{"allow":["GET"]}}],"collection":[{"href":"https:\/\/radiostudiow.com.br\/site\/wp-json\/wp\/v2\/posts"}],"about":[{"href":"https:\/\/radiostudiow.com.br\/site\/wp-json\/wp\/v2\/types\/post"}],"author":[{"embeddable":true,"href":"https:\/\/radiostudiow.com.br\/site\/wp-json\/wp\/v2\/users\/2"}],"replies":[{"embeddable":true,"href":"https:\/\/radiostudiow.com.br\/site\/wp-json\/wp\/v2\/comments?post=42793"}],"version-history":[{"count":2,"href":"https:\/\/radiostudiow.com.br\/site\/wp-json\/wp\/v2\/posts\/42793\/revisions"}],"predecessor-version":[{"id":42806,"href":"https:\/\/radiostudiow.com.br\/site\/wp-json\/wp\/v2\/posts\/42793\/revisions\/42806"}],"wp:featuredmedia":[{"embeddable":true,"href":"https:\/\/radiostudiow.com.br\/site\/wp-json\/wp\/v2\/media\/42794"}],"wp:attachment":[{"href":"https:\/\/radiostudiow.com.br\/site\/wp-json\/wp\/v2\/media?parent=42793"}],"wp:term":[{"taxonomy":"category","embeddable":true,"href":"https:\/\/radiostudiow.com.br\/site\/wp-json\/wp\/v2\/categories?post=42793"},{"taxonomy":"post_tag","embeddable":true,"href":"https:\/\/radiostudiow.com.br\/site\/wp-json\/wp\/v2\/tags?post=42793"}],"curies":[{"name":"wp","href":"https:\/\/api.w.org\/{rel}","templated":true}]}}