{"id":42799,"date":"2025-09-24T11:58:23","date_gmt":"2025-09-24T14:58:23","guid":{"rendered":"https:\/\/radiostudiow.com.br\/site\/?p=42799"},"modified":"2025-09-24T11:58:24","modified_gmt":"2025-09-24T14:58:24","slug":"nuvem-de-fumaca-em-uniao-da-vitoria-causadas-por-incendio-em-pneus","status":"publish","type":"post","link":"https:\/\/radiostudiow.com.br\/site\/2025\/09\/24\/nuvem-de-fumaca-em-uniao-da-vitoria-causadas-por-incendio-em-pneus\/","title":{"rendered":"Nuvem de fuma\u00e7a em Uni\u00e3o da Vit\u00f3ria; causadas por inc\u00eandio em pneus"},"content":{"rendered":"\n<figure class=\"wp-block-image size-full\"><img loading=\"lazy\" decoding=\"async\" width=\"897\" height=\"204\" src=\"https:\/\/radiostudiow.com.br\/site\/wp-content\/uploads\/2025\/01\/SITE-GRANDE3.png\" alt=\"\" class=\"wp-image-32900\" srcset=\"https:\/\/radiostudiow.com.br\/site\/wp-content\/uploads\/2025\/01\/SITE-GRANDE3.png 897w, https:\/\/radiostudiow.com.br\/site\/wp-content\/uploads\/2025\/01\/SITE-GRANDE3-300x68.png 300w, https:\/\/radiostudiow.com.br\/site\/wp-content\/uploads\/2025\/01\/SITE-GRANDE3-768x175.png 768w\" sizes=\"auto, (max-width: 897px) 100vw, 897px\" \/><\/figure>\n\n\n\n<p>O fogo come\u00e7ou em um terreno localizado nos fundos do CTG Fronteira da Amizade, no bairro S\u00e3o Bernardo, \u00e0s margens do Rio Igua\u00e7u e chamou a aten\u00e7\u00e3o de moradores de Uni\u00e3o da Vit\u00f3ria na tarde desta ter\u00e7a-feira (23).<\/p>\n\n\n\n<p>A fuma\u00e7a preta e intensa se espalhou rapidamente, podendo ser vista de diferentes pontos da cidade e gerando preocupa\u00e7\u00e3o na vizinhan\u00e7a. Muitas pessoas chegaram a acreditar que o fogo atingia casas ou estabelecimentos comerciais.<\/p>\n\n\n\n<p>A Pol\u00edcia Militar foi at\u00e9 o local e acionou o Corpo de Bombeiros, que controlou as chamas e realizou o rescaldo da \u00e1rea. Apesar do susto e da grande mobiliza\u00e7\u00e3o, n\u00e3o houve feridos.<\/p>\n\n\n\n<figure class=\"wp-block-gallery has-nested-images columns-default is-cropped wp-block-gallery-1 is-layout-flex wp-block-gallery-is-layout-flex\">\n<figure class=\"wp-block-image size-large\"><img loading=\"lazy\" decoding=\"async\" width=\"300\" height=\"180\" data-id=\"39582\" src=\"https:\/\/radiostudiow.com.br\/site\/wp-content\/uploads\/2025\/06\/PLAY-HALL.png\" alt=\"\" class=\"wp-image-39582\"\/><\/figure>\n\n\n\n<figure class=\"wp-block-image size-large\"><img loading=\"lazy\" decoding=\"async\" width=\"300\" height=\"180\" data-id=\"38684\" src=\"https:\/\/radiostudiow.com.br\/site\/wp-content\/uploads\/2025\/05\/SITE-PEQUENO.jpg\" alt=\"\" class=\"wp-image-38684\"\/><\/figure>\n<\/figure>\n","protected":false},"excerpt":{"rendered":"<p>O fogo come\u00e7ou em um terreno localizado nos fundos do CTG Fronteira da Amizade, no bairro S\u00e3o Bernardo, \u00e0s margens do Rio Igua\u00e7u e chamou a aten\u00e7\u00e3o de moradores de Uni\u00e3o da Vit\u00f3ria na tarde desta ter\u00e7a-feira (23). A fuma\u00e7a preta e intensa se espalhou rapidamente, podendo ser vista de diferentes pontos da cidade e [&hellip;]<\/p>\n","protected":false},"author":2,"featured_media":42800,"comment_status":"open","ping_status":"open","sticky":false,"template":"","format":"standard","meta":{"footnotes":""},"categories":[185],"tags":[172],"class_list":["post-42799","post","type-post","status-publish","format-standard","has-post-thumbnail","hentry","category-regional","tag-featured"],"amp_enabled":true,"_links":{"self":[{"href":"https:\/\/radiostudiow.com.br\/site\/wp-json\/wp\/v2\/posts\/42799","targetHints":{"allow":["GET"]}}],"collection":[{"href":"https:\/\/radiostudiow.com.br\/site\/wp-json\/wp\/v2\/posts"}],"about":[{"href":"https:\/\/radiostudiow.com.br\/site\/wp-json\/wp\/v2\/types\/post"}],"author":[{"embeddable":true,"href":"https:\/\/radiostudiow.com.br\/site\/wp-json\/wp\/v2\/users\/2"}],"replies":[{"embeddable":true,"href":"https:\/\/radiostudiow.com.br\/site\/wp-json\/wp\/v2\/comments?post=42799"}],"version-history":[{"count":3,"href":"https:\/\/radiostudiow.com.br\/site\/wp-json\/wp\/v2\/posts\/42799\/revisions"}],"predecessor-version":[{"id":42805,"href":"https:\/\/radiostudiow.com.br\/site\/wp-json\/wp\/v2\/posts\/42799\/revisions\/42805"}],"wp:featuredmedia":[{"embeddable":true,"href":"https:\/\/radiostudiow.com.br\/site\/wp-json\/wp\/v2\/media\/42800"}],"wp:attachment":[{"href":"https:\/\/radiostudiow.com.br\/site\/wp-json\/wp\/v2\/media?parent=42799"}],"wp:term":[{"taxonomy":"category","embeddable":true,"href":"https:\/\/radiostudiow.com.br\/site\/wp-json\/wp\/v2\/categories?post=42799"},{"taxonomy":"post_tag","embeddable":true,"href":"https:\/\/radiostudiow.com.br\/site\/wp-json\/wp\/v2\/tags?post=42799"}],"curies":[{"name":"wp","href":"https:\/\/api.w.org\/{rel}","templated":true}]}}