{"id":42815,"date":"2025-09-25T10:21:01","date_gmt":"2025-09-25T13:21:01","guid":{"rendered":"https:\/\/radiostudiow.com.br\/site\/?p=42815"},"modified":"2025-09-25T10:21:01","modified_gmt":"2025-09-25T13:21:01","slug":"dois-acidentes-entre-carro-e-moto-deixa-pessoas-feridas-em-uniao-da-vitoria","status":"publish","type":"post","link":"https:\/\/radiostudiow.com.br\/site\/2025\/09\/25\/dois-acidentes-entre-carro-e-moto-deixa-pessoas-feridas-em-uniao-da-vitoria\/","title":{"rendered":"Dois acidentes entre carro e moto deixa pessoas feridas em Uni\u00e3o da Vit\u00f3ria"},"content":{"rendered":"\n<figure class=\"wp-block-image size-full\"><img loading=\"lazy\" decoding=\"async\" width=\"598\" height=\"204\" src=\"https:\/\/radiostudiow.com.br\/site\/wp-content\/uploads\/2025\/01\/SITE-MEDIO7.png\" alt=\"\" class=\"wp-image-32801\" srcset=\"https:\/\/radiostudiow.com.br\/site\/wp-content\/uploads\/2025\/01\/SITE-MEDIO7.png 598w, https:\/\/radiostudiow.com.br\/site\/wp-content\/uploads\/2025\/01\/SITE-MEDIO7-300x102.png 300w\" sizes=\"auto, (max-width: 598px) 100vw, 598px\" \/><\/figure>\n\n\n\n<p>O primeiro acidente ocorreu na manh\u00e3 de quarta-feira, 24 de setembro de 2025, a equipe da 6\u00aa Companhia do Batalh\u00e3o de Pol\u00edcia Rodovi\u00e1ria foi acionada para atender um sinistro do tipo complexo, por volta das 09h00, na BR-476, km 360 (entrada do Hospital Regional) em Uni\u00e3o da Vit\u00f3ria.<br><br>O acidente envolveu um Chevrolet Corsa GL, uma motocicleta Honda CG 125 Fan e um Fiat Siena EL Flex. O condutor e a passageira da motocicleta sofreram ferimentos leves e foram encaminhados ao Hospital S\u00e3o Camilo para atendimento m\u00e9dico.<br><br>Os ve\u00edculos envolvidos n\u00e3o apresentavam irregularidades e foram liberados aos respectivos propriet\u00e1rios no local.<\/p>\n\n\n\n<figure class=\"wp-block-gallery has-nested-images columns-default is-cropped wp-block-gallery-1 is-layout-flex wp-block-gallery-is-layout-flex\">\n<figure class=\"wp-block-image size-large\"><img loading=\"lazy\" decoding=\"async\" width=\"300\" height=\"180\" data-id=\"38684\" src=\"https:\/\/radiostudiow.com.br\/site\/wp-content\/uploads\/2025\/05\/SITE-PEQUENO.jpg\" alt=\"\" class=\"wp-image-38684\"\/><\/figure>\n\n\n\n<figure class=\"wp-block-image size-large\"><img loading=\"lazy\" decoding=\"async\" width=\"300\" height=\"180\" data-id=\"38014\" src=\"https:\/\/radiostudiow.com.br\/site\/wp-content\/uploads\/2025\/05\/VANE.png\" alt=\"\" class=\"wp-image-38014\"\/><\/figure>\n<\/figure>\n\n\n\n<p>O segundo acidente ocorreu por volta das 15h50 desta quarta-feira (24) na Avenida Bento Munhoz da Rocha Neto, em frente ao Superp\u00e3o, em Uni\u00e3o da Vit\u00f3ria.<\/p>\n\n\n\n<p>O acidente envolveu um Fiat Palio prata, com placas de Paulo Frontin, e uma motocicleta, que j\u00e1 havia sido retirada do local e n\u00e3o p\u00f4de ser identificada.<\/p>\n\n\n\n<p>A condutora da moto sofreu ferimentos e apresentava suspeita de fratura, mas estava consciente e orientada. Ela recebeu atendimento do Samu e dos bombeiros e foi levada ao hospital. A Pol\u00edcia Militar foi acionada para registrar a ocorr\u00eancia e conduzir os procedimentos necess\u00e1rios.<\/p>\n\n\n\n<figure class=\"wp-block-image size-full\"><img loading=\"lazy\" decoding=\"async\" width=\"720\" height=\"417\" src=\"https:\/\/radiostudiow.com.br\/site\/wp-content\/uploads\/2025\/09\/02-2.jpeg\" alt=\"\" class=\"wp-image-42817\" srcset=\"https:\/\/radiostudiow.com.br\/site\/wp-content\/uploads\/2025\/09\/02-2.jpeg 720w, https:\/\/radiostudiow.com.br\/site\/wp-content\/uploads\/2025\/09\/02-2-300x174.jpeg 300w\" sizes=\"auto, (max-width: 720px) 100vw, 720px\" \/><\/figure>\n\n\n\n<p class=\"has-text-align-center\"><em>Informa\u00e7\u00f5es: Assis o Reporter<\/em><\/p>\n\n\n\n<p><\/p>\n","protected":false},"excerpt":{"rendered":"<p>O primeiro acidente ocorreu na manh\u00e3 de quarta-feira, 24 de setembro de 2025, a equipe da 6\u00aa Companhia do Batalh\u00e3o de Pol\u00edcia Rodovi\u00e1ria foi acionada para atender um sinistro do tipo complexo, por volta das 09h00, na BR-476, km 360 (entrada do Hospital Regional) em Uni\u00e3o da Vit\u00f3ria. O acidente envolveu um Chevrolet Corsa GL, [&hellip;]<\/p>\n","protected":false},"author":2,"featured_media":42816,"comment_status":"open","ping_status":"open","sticky":false,"template":"","format":"standard","meta":{"footnotes":""},"categories":[185],"tags":[172],"class_list":["post-42815","post","type-post","status-publish","format-standard","has-post-thumbnail","hentry","category-regional","tag-featured"],"amp_enabled":true,"_links":{"self":[{"href":"https:\/\/radiostudiow.com.br\/site\/wp-json\/wp\/v2\/posts\/42815","targetHints":{"allow":["GET"]}}],"collection":[{"href":"https:\/\/radiostudiow.com.br\/site\/wp-json\/wp\/v2\/posts"}],"about":[{"href":"https:\/\/radiostudiow.com.br\/site\/wp-json\/wp\/v2\/types\/post"}],"author":[{"embeddable":true,"href":"https:\/\/radiostudiow.com.br\/site\/wp-json\/wp\/v2\/users\/2"}],"replies":[{"embeddable":true,"href":"https:\/\/radiostudiow.com.br\/site\/wp-json\/wp\/v2\/comments?post=42815"}],"version-history":[{"count":1,"href":"https:\/\/radiostudiow.com.br\/site\/wp-json\/wp\/v2\/posts\/42815\/revisions"}],"predecessor-version":[{"id":42818,"href":"https:\/\/radiostudiow.com.br\/site\/wp-json\/wp\/v2\/posts\/42815\/revisions\/42818"}],"wp:featuredmedia":[{"embeddable":true,"href":"https:\/\/radiostudiow.com.br\/site\/wp-json\/wp\/v2\/media\/42816"}],"wp:attachment":[{"href":"https:\/\/radiostudiow.com.br\/site\/wp-json\/wp\/v2\/media?parent=42815"}],"wp:term":[{"taxonomy":"category","embeddable":true,"href":"https:\/\/radiostudiow.com.br\/site\/wp-json\/wp\/v2\/categories?post=42815"},{"taxonomy":"post_tag","embeddable":true,"href":"https:\/\/radiostudiow.com.br\/site\/wp-json\/wp\/v2\/tags?post=42815"}],"curies":[{"name":"wp","href":"https:\/\/api.w.org\/{rel}","templated":true}]}}