{"id":42819,"date":"2025-09-25T10:40:15","date_gmt":"2025-09-25T13:40:15","guid":{"rendered":"https:\/\/radiostudiow.com.br\/site\/?p=42819"},"modified":"2025-09-25T10:40:16","modified_gmt":"2025-09-25T13:40:16","slug":"caminhao-e-saqueado-em-general-carneiro-um-suspeito-e-preso","status":"publish","type":"post","link":"https:\/\/radiostudiow.com.br\/site\/2025\/09\/25\/caminhao-e-saqueado-em-general-carneiro-um-suspeito-e-preso\/","title":{"rendered":"Caminh\u00e3o \u00e9 saqueado em General Carneiro; um suspeito \u00e9 preso"},"content":{"rendered":"\n<figure class=\"wp-block-gallery has-nested-images columns-default is-cropped wp-block-gallery-1 is-layout-flex wp-block-gallery-is-layout-flex\">\n<figure class=\"wp-block-image size-large\"><img loading=\"lazy\" decoding=\"async\" width=\"300\" height=\"180\" data-id=\"37219\" src=\"https:\/\/radiostudiow.com.br\/site\/wp-content\/uploads\/2025\/04\/AGRODU.png\" alt=\"\" class=\"wp-image-37219\"\/><\/figure>\n\n\n\n<figure class=\"wp-block-image size-large\"><img loading=\"lazy\" decoding=\"async\" width=\"300\" height=\"180\" data-id=\"32894\" src=\"https:\/\/radiostudiow.com.br\/site\/wp-content\/uploads\/2025\/01\/SITE-PEQUENO2.png\" alt=\"\" class=\"wp-image-32894\"\/><\/figure>\n<\/figure>\n\n\n\n<p>Na manh\u00e3 desta quarta-feira (24), um caminh\u00e3o carregado de alimentos foi atacado por saqueadores na BR-153, em General Carneiro.<\/p>\n\n\n\n<p>A a\u00e7\u00e3o mobilizou a Pol\u00edcia Militar do 27\u00ba Batalh\u00e3o e a Pol\u00edcia Rodovi\u00e1ria Federal (PRF), resultando na pris\u00e3o de pelo menos um suspeito.<\/p>\n\n\n\n<figure class=\"wp-block-image size-full\"><img loading=\"lazy\" decoding=\"async\" width=\"598\" height=\"204\" src=\"https:\/\/radiostudiow.com.br\/site\/wp-content\/uploads\/2025\/04\/BOROX.png\" alt=\"\" class=\"wp-image-37229\" srcset=\"https:\/\/radiostudiow.com.br\/site\/wp-content\/uploads\/2025\/04\/BOROX.png 598w, https:\/\/radiostudiow.com.br\/site\/wp-content\/uploads\/2025\/04\/BOROX-300x102.png 300w\" sizes=\"auto, (max-width: 598px) 100vw, 598px\" \/><\/figure>\n\n\n\n<p>O ve\u00edculo, um VW\/10.160 branco com placas de Planalto Alegre\/SC, tombou pr\u00f3ximo \u00e0 ponte sobre o rio Xavier, no KM 499. Cerca de 30 minutos ap\u00f3s o acidente, criminosos tentaram levar a carga, amea\u00e7ando o motorista.<\/p>\n\n\n\n<p>A chegada r\u00e1pida da Pol\u00edcia surpreendeu os saqueadores, dispersando parte do grupo. Apesar da interven\u00e7\u00e3o, parte da carga foi retirada pelos criminosos, mostrando a rapidez e aud\u00e1cia da a\u00e7\u00e3o.<\/p>\n","protected":false},"excerpt":{"rendered":"<p>Na manh\u00e3 desta quarta-feira (24), um caminh\u00e3o carregado de alimentos foi atacado por saqueadores na BR-153, em General Carneiro. A a\u00e7\u00e3o mobilizou a Pol\u00edcia Militar do 27\u00ba Batalh\u00e3o e a Pol\u00edcia Rodovi\u00e1ria Federal (PRF), resultando na pris\u00e3o de pelo menos um suspeito. O ve\u00edculo, um VW\/10.160 branco com placas de Planalto Alegre\/SC, tombou pr\u00f3ximo \u00e0 [&hellip;]<\/p>\n","protected":false},"author":2,"featured_media":42820,"comment_status":"open","ping_status":"open","sticky":false,"template":"","format":"standard","meta":{"footnotes":""},"categories":[2],"tags":[172],"class_list":["post-42819","post","type-post","status-publish","format-standard","has-post-thumbnail","hentry","category-policial","tag-featured"],"amp_enabled":true,"_links":{"self":[{"href":"https:\/\/radiostudiow.com.br\/site\/wp-json\/wp\/v2\/posts\/42819","targetHints":{"allow":["GET"]}}],"collection":[{"href":"https:\/\/radiostudiow.com.br\/site\/wp-json\/wp\/v2\/posts"}],"about":[{"href":"https:\/\/radiostudiow.com.br\/site\/wp-json\/wp\/v2\/types\/post"}],"author":[{"embeddable":true,"href":"https:\/\/radiostudiow.com.br\/site\/wp-json\/wp\/v2\/users\/2"}],"replies":[{"embeddable":true,"href":"https:\/\/radiostudiow.com.br\/site\/wp-json\/wp\/v2\/comments?post=42819"}],"version-history":[{"count":1,"href":"https:\/\/radiostudiow.com.br\/site\/wp-json\/wp\/v2\/posts\/42819\/revisions"}],"predecessor-version":[{"id":42821,"href":"https:\/\/radiostudiow.com.br\/site\/wp-json\/wp\/v2\/posts\/42819\/revisions\/42821"}],"wp:featuredmedia":[{"embeddable":true,"href":"https:\/\/radiostudiow.com.br\/site\/wp-json\/wp\/v2\/media\/42820"}],"wp:attachment":[{"href":"https:\/\/radiostudiow.com.br\/site\/wp-json\/wp\/v2\/media?parent=42819"}],"wp:term":[{"taxonomy":"category","embeddable":true,"href":"https:\/\/radiostudiow.com.br\/site\/wp-json\/wp\/v2\/categories?post=42819"},{"taxonomy":"post_tag","embeddable":true,"href":"https:\/\/radiostudiow.com.br\/site\/wp-json\/wp\/v2\/tags?post=42819"}],"curies":[{"name":"wp","href":"https:\/\/api.w.org\/{rel}","templated":true}]}}