{"id":42834,"date":"2025-09-25T11:59:39","date_gmt":"2025-09-25T14:59:39","guid":{"rendered":"https:\/\/radiostudiow.com.br\/site\/?p=42834"},"modified":"2025-09-25T12:00:20","modified_gmt":"2025-09-25T15:00:20","slug":"homem-e-preso-com-cocaina-durante-patrulhamento-no-bairro-joao-paulo-ii","status":"publish","type":"post","link":"https:\/\/radiostudiow.com.br\/site\/2025\/09\/25\/homem-e-preso-com-cocaina-durante-patrulhamento-no-bairro-joao-paulo-ii\/","title":{"rendered":"Homem \u00e9 preso com coca\u00edna durante patrulhamento da Pol\u00edcia Militar de Uni\u00e3o da VIt\u00f3ria"},"content":{"rendered":"\n<figure class=\"wp-block-image size-full\"><img loading=\"lazy\" decoding=\"async\" width=\"897\" height=\"204\" src=\"https:\/\/radiostudiow.com.br\/site\/wp-content\/uploads\/2024\/01\/SITE-GRANDE3.png\" alt=\"zaions\" class=\"wp-image-18936\" srcset=\"https:\/\/radiostudiow.com.br\/site\/wp-content\/uploads\/2024\/01\/SITE-GRANDE3.png 897w, https:\/\/radiostudiow.com.br\/site\/wp-content\/uploads\/2024\/01\/SITE-GRANDE3-300x68.png 300w, https:\/\/radiostudiow.com.br\/site\/wp-content\/uploads\/2024\/01\/SITE-GRANDE3-768x175.png 768w\" sizes=\"auto, (max-width: 897px) 100vw, 897px\" \/><\/figure>\n\n\n\n<p>Um homem foi preso no bairro Jo\u00e3o Paulo II, ap\u00f3s ser flagrado com entorpecente durante patrulhamento de rotina da Pol\u00edcia Militar de Uni\u00e3o da VIt\u00f3ria por volta das 13 horas de quarta-feira (24).<\/p>\n\n\n\n<p>A equipe policial percebeu a atitude suspeita do indiv\u00edduo e realizou a abordagem. Na revista pessoal, os agentes encontraram um inv\u00f3lucro com subst\u00e2ncia an\u00e1loga \u00e0 coca\u00edna.<\/p>\n\n\n\n<p>O homem foi encaminhado \u00e0 Delegacia de Pol\u00edcia Civil, junto com o material apreendido, onde permanecem as investiga\u00e7\u00f5es sobre o caso.<\/p>\n\n\n\n<figure class=\"wp-block-gallery has-nested-images columns-default is-cropped wp-block-gallery-1 is-layout-flex wp-block-gallery-is-layout-flex\">\n<figure class=\"wp-block-image size-large\"><img loading=\"lazy\" decoding=\"async\" width=\"300\" height=\"180\" data-id=\"18945\" src=\"https:\/\/radiostudiow.com.br\/site\/wp-content\/uploads\/2024\/01\/SITE-PEQUENO.png\" alt=\"\" class=\"wp-image-18945\"\/><\/figure>\n\n\n\n<figure class=\"wp-block-image size-large\"><img loading=\"lazy\" decoding=\"async\" width=\"300\" height=\"180\" data-id=\"41962\" src=\"https:\/\/radiostudiow.com.br\/site\/wp-content\/uploads\/2025\/08\/LILO.png\" alt=\"\" class=\"wp-image-41962\"\/><\/figure>\n<\/figure>\n","protected":false},"excerpt":{"rendered":"<p>Um homem foi preso no bairro Jo\u00e3o Paulo II, ap\u00f3s ser flagrado com entorpecente durante patrulhamento de rotina da Pol\u00edcia Militar de Uni\u00e3o da VIt\u00f3ria por volta das 13 horas de quarta-feira (24). A equipe policial percebeu a atitude suspeita do indiv\u00edduo e realizou a abordagem. Na revista pessoal, os agentes encontraram um inv\u00f3lucro com [&hellip;]<\/p>\n","protected":false},"author":2,"featured_media":42835,"comment_status":"open","ping_status":"open","sticky":false,"template":"","format":"standard","meta":{"footnotes":""},"categories":[2],"tags":[172],"class_list":["post-42834","post","type-post","status-publish","format-standard","has-post-thumbnail","hentry","category-policial","tag-featured"],"amp_enabled":true,"_links":{"self":[{"href":"https:\/\/radiostudiow.com.br\/site\/wp-json\/wp\/v2\/posts\/42834","targetHints":{"allow":["GET"]}}],"collection":[{"href":"https:\/\/radiostudiow.com.br\/site\/wp-json\/wp\/v2\/posts"}],"about":[{"href":"https:\/\/radiostudiow.com.br\/site\/wp-json\/wp\/v2\/types\/post"}],"author":[{"embeddable":true,"href":"https:\/\/radiostudiow.com.br\/site\/wp-json\/wp\/v2\/users\/2"}],"replies":[{"embeddable":true,"href":"https:\/\/radiostudiow.com.br\/site\/wp-json\/wp\/v2\/comments?post=42834"}],"version-history":[{"count":2,"href":"https:\/\/radiostudiow.com.br\/site\/wp-json\/wp\/v2\/posts\/42834\/revisions"}],"predecessor-version":[{"id":42837,"href":"https:\/\/radiostudiow.com.br\/site\/wp-json\/wp\/v2\/posts\/42834\/revisions\/42837"}],"wp:featuredmedia":[{"embeddable":true,"href":"https:\/\/radiostudiow.com.br\/site\/wp-json\/wp\/v2\/media\/42835"}],"wp:attachment":[{"href":"https:\/\/radiostudiow.com.br\/site\/wp-json\/wp\/v2\/media?parent=42834"}],"wp:term":[{"taxonomy":"category","embeddable":true,"href":"https:\/\/radiostudiow.com.br\/site\/wp-json\/wp\/v2\/categories?post=42834"},{"taxonomy":"post_tag","embeddable":true,"href":"https:\/\/radiostudiow.com.br\/site\/wp-json\/wp\/v2\/tags?post=42834"}],"curies":[{"name":"wp","href":"https:\/\/api.w.org\/{rel}","templated":true}]}}