{"id":42838,"date":"2025-09-25T12:02:50","date_gmt":"2025-09-25T15:02:50","guid":{"rendered":"https:\/\/radiostudiow.com.br\/site\/?p=42838"},"modified":"2025-09-25T12:02:50","modified_gmt":"2025-09-25T15:02:50","slug":"rotam-prende-suspeito-de-trafico-de-drogas-no-centro-de-uniao-da-vitoria","status":"publish","type":"post","link":"https:\/\/radiostudiow.com.br\/site\/2025\/09\/25\/rotam-prende-suspeito-de-trafico-de-drogas-no-centro-de-uniao-da-vitoria\/","title":{"rendered":"ROTAM prende suspeito de tr\u00e1fico de drogas no centro de Uni\u00e3o da Vit\u00f3ria"},"content":{"rendered":"\n<figure class=\"wp-block-image size-full\"><img loading=\"lazy\" decoding=\"async\" width=\"897\" height=\"204\" src=\"https:\/\/radiostudiow.com.br\/site\/wp-content\/uploads\/2025\/03\/BARAO-NOVO-NOTICIAS-1.jpg\" alt=\"\" class=\"wp-image-35084\" srcset=\"https:\/\/radiostudiow.com.br\/site\/wp-content\/uploads\/2025\/03\/BARAO-NOVO-NOTICIAS-1.jpg 897w, https:\/\/radiostudiow.com.br\/site\/wp-content\/uploads\/2025\/03\/BARAO-NOVO-NOTICIAS-1-300x68.jpg 300w, https:\/\/radiostudiow.com.br\/site\/wp-content\/uploads\/2025\/03\/BARAO-NOVO-NOTICIAS-1-768x175.jpg 768w\" sizes=\"auto, (max-width: 897px) 100vw, 897px\" \/><\/figure>\n\n\n\n<p>Um homem foi preso na \u00e1rea central de Uni\u00e3o da Vit\u00f3ria suspeito de envolvimento com o tr\u00e1fico de drogas por volta das 18 horas na noite de quarta-feira (24).<\/p>\n\n\n\n<p>Ap\u00f3s a Rondas Ostensivas T\u00e1tico M\u00f3vel (ROTAM) receber informa\u00e7\u00f5es sobre a poss\u00edvel atividade criminosa na regi\u00e3o.<\/p>\n\n\n\n<p>De acordo com os agentes, o suspeito foi localizado em via p\u00fablica e, durante a abordagem, admitiu estar com entorpecentes. O material foi apreendido e o homem encaminhado \u00e0 Delegacia de Pol\u00edcia Civil, onde ficou \u00e0 disposi\u00e7\u00e3o da Justi\u00e7a.<\/p>\n\n\n\n<p>O caso segue em investiga\u00e7\u00e3o para apurar a origem e a poss\u00edvel rede de distribui\u00e7\u00e3o da droga.<\/p>\n\n\n\n<figure class=\"wp-block-image size-full\"><img loading=\"lazy\" decoding=\"async\" width=\"598\" height=\"204\" src=\"https:\/\/radiostudiow.com.br\/site\/wp-content\/uploads\/2024\/01\/SITE-MEDIO.png\" alt=\"\" class=\"wp-image-18916\" srcset=\"https:\/\/radiostudiow.com.br\/site\/wp-content\/uploads\/2024\/01\/SITE-MEDIO.png 598w, https:\/\/radiostudiow.com.br\/site\/wp-content\/uploads\/2024\/01\/SITE-MEDIO-300x102.png 300w\" sizes=\"auto, (max-width: 598px) 100vw, 598px\" \/><\/figure>\n","protected":false},"excerpt":{"rendered":"<p>Um homem foi preso na \u00e1rea central de Uni\u00e3o da Vit\u00f3ria suspeito de envolvimento com o tr\u00e1fico de drogas por volta das 18 horas na noite de quarta-feira (24). Ap\u00f3s a Rondas Ostensivas T\u00e1tico M\u00f3vel (ROTAM) receber informa\u00e7\u00f5es sobre a poss\u00edvel atividade criminosa na regi\u00e3o. De acordo com os agentes, o suspeito foi localizado em [&hellip;]<\/p>\n","protected":false},"author":2,"featured_media":42839,"comment_status":"open","ping_status":"open","sticky":false,"template":"","format":"standard","meta":{"footnotes":""},"categories":[2],"tags":[172],"class_list":["post-42838","post","type-post","status-publish","format-standard","has-post-thumbnail","hentry","category-policial","tag-featured"],"amp_enabled":true,"_links":{"self":[{"href":"https:\/\/radiostudiow.com.br\/site\/wp-json\/wp\/v2\/posts\/42838","targetHints":{"allow":["GET"]}}],"collection":[{"href":"https:\/\/radiostudiow.com.br\/site\/wp-json\/wp\/v2\/posts"}],"about":[{"href":"https:\/\/radiostudiow.com.br\/site\/wp-json\/wp\/v2\/types\/post"}],"author":[{"embeddable":true,"href":"https:\/\/radiostudiow.com.br\/site\/wp-json\/wp\/v2\/users\/2"}],"replies":[{"embeddable":true,"href":"https:\/\/radiostudiow.com.br\/site\/wp-json\/wp\/v2\/comments?post=42838"}],"version-history":[{"count":1,"href":"https:\/\/radiostudiow.com.br\/site\/wp-json\/wp\/v2\/posts\/42838\/revisions"}],"predecessor-version":[{"id":42840,"href":"https:\/\/radiostudiow.com.br\/site\/wp-json\/wp\/v2\/posts\/42838\/revisions\/42840"}],"wp:featuredmedia":[{"embeddable":true,"href":"https:\/\/radiostudiow.com.br\/site\/wp-json\/wp\/v2\/media\/42839"}],"wp:attachment":[{"href":"https:\/\/radiostudiow.com.br\/site\/wp-json\/wp\/v2\/media?parent=42838"}],"wp:term":[{"taxonomy":"category","embeddable":true,"href":"https:\/\/radiostudiow.com.br\/site\/wp-json\/wp\/v2\/categories?post=42838"},{"taxonomy":"post_tag","embeddable":true,"href":"https:\/\/radiostudiow.com.br\/site\/wp-json\/wp\/v2\/tags?post=42838"}],"curies":[{"name":"wp","href":"https:\/\/api.w.org\/{rel}","templated":true}]}}