{"id":42846,"date":"2025-09-25T17:45:30","date_gmt":"2025-09-25T20:45:30","guid":{"rendered":"https:\/\/radiostudiow.com.br\/site\/?p=42846"},"modified":"2025-09-25T17:45:46","modified_gmt":"2025-09-25T20:45:46","slug":"foragido-de-uniao-da-vitoria-e-preso-em-cruz-machado-apos-investigacao","status":"publish","type":"post","link":"https:\/\/radiostudiow.com.br\/site\/2025\/09\/25\/foragido-de-uniao-da-vitoria-e-preso-em-cruz-machado-apos-investigacao\/","title":{"rendered":"Foragido de Uni\u00e3o da Vit\u00f3ria \u00e9 preso em Cruz Machado ap\u00f3s investiga\u00e7\u00e3o"},"content":{"rendered":"\n<figure class=\"wp-block-image size-full\"><img loading=\"lazy\" decoding=\"async\" width=\"897\" height=\"204\" src=\"https:\/\/radiostudiow.com.br\/site\/wp-content\/uploads\/2025\/06\/BARROS.png\" alt=\"\" class=\"wp-image-39575\" srcset=\"https:\/\/radiostudiow.com.br\/site\/wp-content\/uploads\/2025\/06\/BARROS.png 897w, https:\/\/radiostudiow.com.br\/site\/wp-content\/uploads\/2025\/06\/BARROS-300x68.png 300w, https:\/\/radiostudiow.com.br\/site\/wp-content\/uploads\/2025\/06\/BARROS-768x175.png 768w\" sizes=\"auto, (max-width: 897px) 100vw, 897px\" \/><\/figure>\n\n\n\n<p>Nesta quarta-feira, 24 de setembro, a equipe da Pol\u00edcia Civil prendeu um homem de 31 anos que estava foragido da Cadeia P\u00fablica de Uni\u00e3o da Vit\u00f3ria desde mar\u00e7o de 2024.<\/p>\n\n\n\n<p>A pris\u00e3o ocorreu na localidade de Linha Palmeiral, zona rural de Cruz Machado, no Sul do estado.<\/p>\n\n\n\n<p>O homem tem passagens por diversos crimes, incluindo maus-tratos, amea\u00e7a, furto, dano e homic\u00eddio. Ap\u00f3s um trabalho detalhado de investiga\u00e7\u00e3o, os policiais civis conseguiram localizar seu paradeiro. Ele foi encaminhado ao Departamento Penitenci\u00e1rio do Paran\u00e1 (Depen), onde permanece \u00e0 disposi\u00e7\u00e3o da Justi\u00e7a.<\/p>\n\n\n\n<p>A PCPR refor\u00e7a o pedido de apoio da popula\u00e7\u00e3o para a localiza\u00e7\u00e3o de foragidos. Den\u00fancias podem ser feitas de forma an\u00f4nima pelos telefones&nbsp;<strong>197<\/strong>&nbsp;(PCPR),&nbsp;<strong>181<\/strong>&nbsp;(Disque-Den\u00fancia).<\/p>\n\n\n\n<figure class=\"wp-block-image size-full\"><img loading=\"lazy\" decoding=\"async\" width=\"598\" height=\"204\" src=\"https:\/\/radiostudiow.com.br\/site\/wp-content\/uploads\/2025\/05\/POLAK.png\" alt=\"\" class=\"wp-image-37847\" srcset=\"https:\/\/radiostudiow.com.br\/site\/wp-content\/uploads\/2025\/05\/POLAK.png 598w, https:\/\/radiostudiow.com.br\/site\/wp-content\/uploads\/2025\/05\/POLAK-300x102.png 300w\" sizes=\"auto, (max-width: 598px) 100vw, 598px\" \/><\/figure>\n","protected":false},"excerpt":{"rendered":"<p>Nesta quarta-feira, 24 de setembro, a equipe da Pol\u00edcia Civil prendeu um homem de 31 anos que estava foragido da Cadeia P\u00fablica de Uni\u00e3o da Vit\u00f3ria desde mar\u00e7o de 2024. A pris\u00e3o ocorreu na localidade de Linha Palmeiral, zona rural de Cruz Machado, no Sul do estado. O homem tem passagens por diversos crimes, incluindo [&hellip;]<\/p>\n","protected":false},"author":2,"featured_media":42847,"comment_status":"open","ping_status":"open","sticky":false,"template":"","format":"standard","meta":{"footnotes":""},"categories":[2],"tags":[172],"class_list":["post-42846","post","type-post","status-publish","format-standard","has-post-thumbnail","hentry","category-policial","tag-featured"],"amp_enabled":true,"_links":{"self":[{"href":"https:\/\/radiostudiow.com.br\/site\/wp-json\/wp\/v2\/posts\/42846","targetHints":{"allow":["GET"]}}],"collection":[{"href":"https:\/\/radiostudiow.com.br\/site\/wp-json\/wp\/v2\/posts"}],"about":[{"href":"https:\/\/radiostudiow.com.br\/site\/wp-json\/wp\/v2\/types\/post"}],"author":[{"embeddable":true,"href":"https:\/\/radiostudiow.com.br\/site\/wp-json\/wp\/v2\/users\/2"}],"replies":[{"embeddable":true,"href":"https:\/\/radiostudiow.com.br\/site\/wp-json\/wp\/v2\/comments?post=42846"}],"version-history":[{"count":2,"href":"https:\/\/radiostudiow.com.br\/site\/wp-json\/wp\/v2\/posts\/42846\/revisions"}],"predecessor-version":[{"id":42853,"href":"https:\/\/radiostudiow.com.br\/site\/wp-json\/wp\/v2\/posts\/42846\/revisions\/42853"}],"wp:featuredmedia":[{"embeddable":true,"href":"https:\/\/radiostudiow.com.br\/site\/wp-json\/wp\/v2\/media\/42847"}],"wp:attachment":[{"href":"https:\/\/radiostudiow.com.br\/site\/wp-json\/wp\/v2\/media?parent=42846"}],"wp:term":[{"taxonomy":"category","embeddable":true,"href":"https:\/\/radiostudiow.com.br\/site\/wp-json\/wp\/v2\/categories?post=42846"},{"taxonomy":"post_tag","embeddable":true,"href":"https:\/\/radiostudiow.com.br\/site\/wp-json\/wp\/v2\/tags?post=42846"}],"curies":[{"name":"wp","href":"https:\/\/api.w.org\/{rel}","templated":true}]}}