{"id":42849,"date":"2025-09-25T17:47:24","date_gmt":"2025-09-25T20:47:24","guid":{"rendered":"https:\/\/radiostudiow.com.br\/site\/?p=42849"},"modified":"2025-09-25T17:47:24","modified_gmt":"2025-09-25T20:47:24","slug":"morador-de-bituruna-e-condenado-por-homicidio-ocorrido-em-2006-ele-cumprira-pena-em-liberdade","status":"publish","type":"post","link":"https:\/\/radiostudiow.com.br\/site\/2025\/09\/25\/morador-de-bituruna-e-condenado-por-homicidio-ocorrido-em-2006-ele-cumprira-pena-em-liberdade\/","title":{"rendered":"Morador de Bituruna \u00e9 condenado por homic\u00eddio ocorrido em 2006. Ele cumprir\u00e1 pena em liberdade"},"content":{"rendered":"\n<figure class=\"wp-block-image size-full\"><img loading=\"lazy\" decoding=\"async\" width=\"598\" height=\"204\" src=\"https:\/\/radiostudiow.com.br\/site\/wp-content\/uploads\/2024\/01\/SITE-MEDIO.png\" alt=\"\" class=\"wp-image-18916\" srcset=\"https:\/\/radiostudiow.com.br\/site\/wp-content\/uploads\/2024\/01\/SITE-MEDIO.png 598w, https:\/\/radiostudiow.com.br\/site\/wp-content\/uploads\/2024\/01\/SITE-MEDIO-300x102.png 300w\" sizes=\"auto, (max-width: 598px) 100vw, 598px\" \/><\/figure>\n\n\n\n<p>Valdivino Nunes dos Santos que completar\u00e1 68 anos na pr\u00f3xima semana, foi condenado h\u00e1 6 anos de pris\u00e3o pelo homic\u00eddio de Ant\u00f4nio Soares dos Santos, ocorrido h\u00e1 19 anos, no dia 22 de janeiro de 2006 em Bituruna.<\/p>\n\n\n\n<p>O r\u00e9u esteve sentado no banco dos r\u00e9us do F\u00f3rum de Uni\u00e3o da Vit\u00f3ria nesta quarta-feira, dia 24 de setembro, onde foi julgado por homic\u00eddio simples depois de ter assassinado a tiros a v\u00edtima na linha Volta Grande, no interior do munic\u00edpio.<\/p>\n\n\n\n<p>Durante o julgamento, a defesa do r\u00e9u comandada pelos advogados Dra. Daniele Pilger e Dr. Marlos Lopes conseguiram obter um bom resultado, garantindo que o r\u00e9u cumpra sua pena em liberdade.<\/p>\n\n\n\n<p>O julgamento teve in\u00edcio \u00e0s 09 horas e foi encerrado logo ap\u00f3s o meio dia. O julgamento foi comandado pelo Juiz de Direito Ivan Buatim, da 1\u00aa Vara Criminal de Uni\u00e3o da Vit\u00f3ria.<\/p>\n\n\n\n<figure class=\"wp-block-image size-full\"><img loading=\"lazy\" decoding=\"async\" width=\"1024\" height=\"591\" src=\"https:\/\/radiostudiow.com.br\/site\/wp-content\/uploads\/2025\/09\/image-61.png\" alt=\"\" class=\"wp-image-42556\" srcset=\"https:\/\/radiostudiow.com.br\/site\/wp-content\/uploads\/2025\/09\/image-61.png 1024w, https:\/\/radiostudiow.com.br\/site\/wp-content\/uploads\/2025\/09\/image-61-300x173.png 300w, https:\/\/radiostudiow.com.br\/site\/wp-content\/uploads\/2025\/09\/image-61-768x443.png 768w\" sizes=\"auto, (max-width: 1024px) 100vw, 1024px\" \/><\/figure>\n","protected":false},"excerpt":{"rendered":"<p>Valdivino Nunes dos Santos que completar\u00e1 68 anos na pr\u00f3xima semana, foi condenado h\u00e1 6 anos de pris\u00e3o pelo homic\u00eddio de Ant\u00f4nio Soares dos Santos, ocorrido h\u00e1 19 anos, no dia 22 de janeiro de 2006 em Bituruna. O r\u00e9u esteve sentado no banco dos r\u00e9us do F\u00f3rum de Uni\u00e3o da Vit\u00f3ria nesta quarta-feira, dia [&hellip;]<\/p>\n","protected":false},"author":2,"featured_media":42850,"comment_status":"open","ping_status":"open","sticky":false,"template":"","format":"standard","meta":{"footnotes":""},"categories":[2],"tags":[172],"class_list":["post-42849","post","type-post","status-publish","format-standard","has-post-thumbnail","hentry","category-policial","tag-featured"],"amp_enabled":true,"_links":{"self":[{"href":"https:\/\/radiostudiow.com.br\/site\/wp-json\/wp\/v2\/posts\/42849","targetHints":{"allow":["GET"]}}],"collection":[{"href":"https:\/\/radiostudiow.com.br\/site\/wp-json\/wp\/v2\/posts"}],"about":[{"href":"https:\/\/radiostudiow.com.br\/site\/wp-json\/wp\/v2\/types\/post"}],"author":[{"embeddable":true,"href":"https:\/\/radiostudiow.com.br\/site\/wp-json\/wp\/v2\/users\/2"}],"replies":[{"embeddable":true,"href":"https:\/\/radiostudiow.com.br\/site\/wp-json\/wp\/v2\/comments?post=42849"}],"version-history":[{"count":2,"href":"https:\/\/radiostudiow.com.br\/site\/wp-json\/wp\/v2\/posts\/42849\/revisions"}],"predecessor-version":[{"id":42855,"href":"https:\/\/radiostudiow.com.br\/site\/wp-json\/wp\/v2\/posts\/42849\/revisions\/42855"}],"wp:featuredmedia":[{"embeddable":true,"href":"https:\/\/radiostudiow.com.br\/site\/wp-json\/wp\/v2\/media\/42850"}],"wp:attachment":[{"href":"https:\/\/radiostudiow.com.br\/site\/wp-json\/wp\/v2\/media?parent=42849"}],"wp:term":[{"taxonomy":"category","embeddable":true,"href":"https:\/\/radiostudiow.com.br\/site\/wp-json\/wp\/v2\/categories?post=42849"},{"taxonomy":"post_tag","embeddable":true,"href":"https:\/\/radiostudiow.com.br\/site\/wp-json\/wp\/v2\/tags?post=42849"}],"curies":[{"name":"wp","href":"https:\/\/api.w.org\/{rel}","templated":true}]}}