{"id":42856,"date":"2025-09-25T18:04:43","date_gmt":"2025-09-25T21:04:43","guid":{"rendered":"https:\/\/radiostudiow.com.br\/site\/?p=42856"},"modified":"2025-09-25T18:04:43","modified_gmt":"2025-09-25T21:04:43","slug":"prf-apreende-150-mil-macos-de-cigarros-contrabandeados-na-br-277-em-irati-pr","status":"publish","type":"post","link":"https:\/\/radiostudiow.com.br\/site\/2025\/09\/25\/prf-apreende-150-mil-macos-de-cigarros-contrabandeados-na-br-277-em-irati-pr\/","title":{"rendered":"PRF apreende 150 mil ma\u00e7os de cigarros contrabandeados na BR-277 em Irati (PR)"},"content":{"rendered":"\n<figure class=\"wp-block-image size-full is-resized\"><img loading=\"lazy\" decoding=\"async\" width=\"1024\" height=\"591\" src=\"https:\/\/radiostudiow.com.br\/site\/wp-content\/uploads\/2025\/09\/CASA-DO-CRIADOR.png\" alt=\"\" class=\"wp-image-42859\" style=\"width:391px;height:auto\" srcset=\"https:\/\/radiostudiow.com.br\/site\/wp-content\/uploads\/2025\/09\/CASA-DO-CRIADOR.png 1024w, https:\/\/radiostudiow.com.br\/site\/wp-content\/uploads\/2025\/09\/CASA-DO-CRIADOR-300x173.png 300w, https:\/\/radiostudiow.com.br\/site\/wp-content\/uploads\/2025\/09\/CASA-DO-CRIADOR-768x443.png 768w\" sizes=\"auto, (max-width: 1024px) 100vw, 1024px\" \/><\/figure>\n\n\n\n<p><em>Cigarros estavam escondidos em meio \u00e0 carga; motorista foi preso por contrabando<\/em><\/p>\n\n\n\n<p>A Pol\u00edcia Rodovi\u00e1ria Federal (PRF) apreendeu, cerca de 150 mil ma\u00e7os de cigarros contrabandeados, na tarde desta desta quinta-feira (25), por volta das 14 horas, durante uma abordagem realizada na BR-277, em Irati.<\/p>\n\n\n\n<p>Os policiais deram ordem de parada para o condutor de uma combina\u00e7\u00e3o de ve\u00edculos de carga que transportava milho, segundo a nota fiscal apresentada. No entanto, ao verificar o compartimento de carga, os policiais constataram que o ve\u00edculo estava carregado com caixas de cigarros das marcas \u201cClassic\u201d e \u201cGift\u201d de proced\u00eancia estrangeira, sendo estimado cerca de 150 mil ma\u00e7os do cigarro ocultos junto \u00e0 carga declarada de milho.<\/p>\n\n\n\n<figure class=\"wp-block-image size-full\"><img loading=\"lazy\" decoding=\"async\" width=\"897\" height=\"204\" src=\"https:\/\/radiostudiow.com.br\/site\/wp-content\/uploads\/2025\/03\/image-62.png\" alt=\"\" class=\"wp-image-35859\" srcset=\"https:\/\/radiostudiow.com.br\/site\/wp-content\/uploads\/2025\/03\/image-62.png 897w, https:\/\/radiostudiow.com.br\/site\/wp-content\/uploads\/2025\/03\/image-62-300x68.png 300w, https:\/\/radiostudiow.com.br\/site\/wp-content\/uploads\/2025\/03\/image-62-768x175.png 768w\" sizes=\"auto, (max-width: 897px) 100vw, 897px\" \/><\/figure>\n\n\n\n<p>O condutor informou que o cigarro teria sido carregado em Dourados (MS) e teria como destino final a regi\u00e3o de Ponta Grossa (PR).<\/p>\n\n\n\n<p>No interior do ve\u00edculo estavam ainda a esposa do motorista e a filha do casal, de apenas dois anos de idade. Em raz\u00e3o da presen\u00e7a de familiares, a PRF acionou a Assist\u00eancia Social de Irati, para providenciar apoio e meios para o retorno seguro das duas \u00e0 cidade de origem.<\/p>\n\n\n\n<p>O condutor foi encaminhado para a Pol\u00edcia Federal, onde responder\u00e1 pelo crime de contrabando. J\u00e1 o ve\u00edculo e a carga foram apreendidos e entregues \u00e0 Receita Federal em Ponta Grossa.<\/p>\n\n\n\n<figure class=\"wp-block-image size-large\"><img loading=\"lazy\" decoding=\"async\" width=\"576\" height=\"1024\" src=\"https:\/\/radiostudiow.com.br\/site\/wp-content\/uploads\/2025\/09\/image-91-576x1024.png\" alt=\"\" class=\"wp-image-42858\" srcset=\"https:\/\/radiostudiow.com.br\/site\/wp-content\/uploads\/2025\/09\/image-91-576x1024.png 576w, https:\/\/radiostudiow.com.br\/site\/wp-content\/uploads\/2025\/09\/image-91-169x300.png 169w, https:\/\/radiostudiow.com.br\/site\/wp-content\/uploads\/2025\/09\/image-91-768x1366.png 768w, https:\/\/radiostudiow.com.br\/site\/wp-content\/uploads\/2025\/09\/image-91-864x1536.png 864w, https:\/\/radiostudiow.com.br\/site\/wp-content\/uploads\/2025\/09\/image-91.png 899w\" sizes=\"auto, (max-width: 576px) 100vw, 576px\" \/><\/figure>\n","protected":false},"excerpt":{"rendered":"<p>Cigarros estavam escondidos em meio \u00e0 carga; motorista foi preso por contrabando A Pol\u00edcia Rodovi\u00e1ria Federal (PRF) apreendeu, cerca de 150 mil ma\u00e7os de cigarros contrabandeados, na tarde desta desta quinta-feira (25), por volta das 14 horas, durante uma abordagem realizada na BR-277, em Irati. Os policiais deram ordem de parada para o condutor de [&hellip;]<\/p>\n","protected":false},"author":2,"featured_media":42857,"comment_status":"open","ping_status":"open","sticky":false,"template":"","format":"standard","meta":{"footnotes":""},"categories":[2],"tags":[172],"class_list":["post-42856","post","type-post","status-publish","format-standard","has-post-thumbnail","hentry","category-policial","tag-featured"],"amp_enabled":true,"_links":{"self":[{"href":"https:\/\/radiostudiow.com.br\/site\/wp-json\/wp\/v2\/posts\/42856","targetHints":{"allow":["GET"]}}],"collection":[{"href":"https:\/\/radiostudiow.com.br\/site\/wp-json\/wp\/v2\/posts"}],"about":[{"href":"https:\/\/radiostudiow.com.br\/site\/wp-json\/wp\/v2\/types\/post"}],"author":[{"embeddable":true,"href":"https:\/\/radiostudiow.com.br\/site\/wp-json\/wp\/v2\/users\/2"}],"replies":[{"embeddable":true,"href":"https:\/\/radiostudiow.com.br\/site\/wp-json\/wp\/v2\/comments?post=42856"}],"version-history":[{"count":1,"href":"https:\/\/radiostudiow.com.br\/site\/wp-json\/wp\/v2\/posts\/42856\/revisions"}],"predecessor-version":[{"id":42860,"href":"https:\/\/radiostudiow.com.br\/site\/wp-json\/wp\/v2\/posts\/42856\/revisions\/42860"}],"wp:featuredmedia":[{"embeddable":true,"href":"https:\/\/radiostudiow.com.br\/site\/wp-json\/wp\/v2\/media\/42857"}],"wp:attachment":[{"href":"https:\/\/radiostudiow.com.br\/site\/wp-json\/wp\/v2\/media?parent=42856"}],"wp:term":[{"taxonomy":"category","embeddable":true,"href":"https:\/\/radiostudiow.com.br\/site\/wp-json\/wp\/v2\/categories?post=42856"},{"taxonomy":"post_tag","embeddable":true,"href":"https:\/\/radiostudiow.com.br\/site\/wp-json\/wp\/v2\/tags?post=42856"}],"curies":[{"name":"wp","href":"https:\/\/api.w.org\/{rel}","templated":true}]}}